{"id":21968,"date":"2025-06-07T09:42:43","date_gmt":"2025-06-07T12:42:43","guid":{"rendered":"https:\/\/dgospel.com.br\/portal\/?p=21968"},"modified":"2025-06-07T09:42:44","modified_gmt":"2025-06-07T12:42:44","slug":"grupo-sem-religiao-cresce-e-ja-e-o-terceiro-maior-do-pais","status":"publish","type":"post","link":"https:\/\/dgospel.com.br\/portal\/index.php\/2025\/06\/07\/grupo-sem-religiao-cresce-e-ja-e-o-terceiro-maior-do-pais\/","title":{"rendered":"Grupo sem religi\u00e3o cresce e j\u00e1 \u00e9 o terceiro maior do pa\u00eds"},"content":{"rendered":"\n<p>O grupo de pessoas que se declara sem religi\u00e3o continua crescendo no Brasil e j\u00e1 representa 9,3% da popula\u00e7\u00e3o com 10 anos ou mais, segundo o Censo Demogr\u00e1fico 2022, divulgado pelo IBGE nesta sexta-feira (6). H\u00e1 dez anos, esse percentual era de 7,9%.<\/p>\n\n\n\n<p>Em n\u00fameros absolutos, s\u00e3o mais de 15,9 milh\u00f5es de brasileiros que afirmam n\u00e3o seguir nenhuma religi\u00e3o. Em 2010, eram 14,5 milh\u00f5es.<\/p>\n\n\n\n<p>A tend\u00eancia de crescimento tem sido constante nas \u00faltimas d\u00e9cadas. Em 1991, apenas 4,6% da popula\u00e7\u00e3o dizia n\u00e3o ter religi\u00e3o. Em 2000, esse n\u00famero saltou para 7%. O avan\u00e7o mais acelerado aconteceu entre os anos 2000 e 2010, quando o grupo cresceu quase um ponto percentual por d\u00e9cada.<\/p>\n\n\n\n<p>A maior parte dos sem religi\u00e3o est\u00e1 concentrada nas regi\u00f5es Sudeste (10,5%) e Sul (10,3%). No estado do Amazonas, o percentual \u00e9 ainda maior: 15,1% da popula\u00e7\u00e3o n\u00e3o segue nenhuma cren\u00e7a religiosa. Outros estados com \u00edndices elevados s\u00e3o Roraima (13,1%) e o Acre (12,2%).<\/p>\n\n\n\n<p>Segundo o IBGE, o perfil majorit\u00e1rio dos sem religi\u00e3o \u00e9 masculino \u2014 os homens representam 56,2% desse grupo, um dado que contrasta com o padr\u00e3o das demais religi\u00f5es, onde as mulheres s\u00e3o maioria.<\/p>\n\n\n\n<p>Apesar do nome, estar \u201csem religi\u00e3o\u201d n\u00e3o significa necessariamente ser ateu ou agn\u00f3stico. Muitos ainda mant\u00eam cren\u00e7as em Deus ou em uma espiritualidade pessoal, mas sem v\u00ednculo institucional.<\/p>\n\n\n\n<p>O grupo sem religi\u00e3o j\u00e1 \u00e9 mais numeroso que os esp\u00edritas, umbandistas e candomblecistas juntos, e se consolida como a terceira maior categoria religiosa do pa\u00eds, atr\u00e1s apenas dos cat\u00f3licos (56,7%) e evang\u00e9licos (26,9%).<\/p>\n","protected":false},"excerpt":{"rendered":"<p>O grupo de pessoas que se declara sem religi\u00e3o continua crescendo no Brasil e j\u00e1 representa 9,3% da popula\u00e7\u00e3o com 10 anos ou mais, segundo o Censo Demogr\u00e1fico 2022, divulgado pelo IBGE nesta sexta-feira (6). H\u00e1 dez anos, esse percentual era de 7,9%. Em n\u00fameros absolutos, s\u00e3o mais de 15,9 milh\u00f5es de brasileiros que afirmam [&hellip;]<\/p>\n","protected":false},"author":2,"featured_media":21969,"comment_status":"open","ping_status":"open","sticky":false,"template":"","format":"standard","meta":[],"categories":[10],"tags":[],"_links":{"self":[{"href":"https:\/\/dgospel.com.br\/portal\/index.php\/wp-json\/wp\/v2\/posts\/21968"}],"collection":[{"href":"https:\/\/dgospel.com.br\/portal\/index.php\/wp-json\/wp\/v2\/posts"}],"about":[{"href":"https:\/\/dgospel.com.br\/portal\/index.php\/wp-json\/wp\/v2\/types\/post"}],"author":[{"embeddable":true,"href":"https:\/\/dgospel.com.br\/portal\/index.php\/wp-json\/wp\/v2\/users\/2"}],"replies":[{"embeddable":true,"href":"https:\/\/dgospel.com.br\/portal\/index.php\/wp-json\/wp\/v2\/comments?post=21968"}],"version-history":[{"count":1,"href":"https:\/\/dgospel.com.br\/portal\/index.php\/wp-json\/wp\/v2\/posts\/21968\/revisions"}],"predecessor-version":[{"id":21970,"href":"https:\/\/dgospel.com.br\/portal\/index.php\/wp-json\/wp\/v2\/posts\/21968\/revisions\/21970"}],"wp:featuredmedia":[{"embeddable":true,"href":"https:\/\/dgospel.com.br\/portal\/index.php\/wp-json\/wp\/v2\/media\/21969"}],"wp:attachment":[{"href":"https:\/\/dgospel.com.br\/portal\/index.php\/wp-json\/wp\/v2\/media?parent=21968"}],"wp:term":[{"taxonomy":"category","embeddable":true,"href":"https:\/\/dgospel.com.br\/portal\/index.php\/wp-json\/wp\/v2\/categories?post=21968"},{"taxonomy":"post_tag","embeddable":true,"href":"https:\/\/dgospel.com.br\/portal\/index.php\/wp-json\/wp\/v2\/tags?post=21968"}],"curies":[{"name":"wp","href":"https:\/\/api.w.org\/{rel}","templated":true}]}}