{"id":21971,"date":"2025-06-07T09:50:17","date_gmt":"2025-06-07T12:50:17","guid":{"rendered":"https:\/\/dgospel.com.br\/portal\/?p=21971"},"modified":"2025-06-07T09:50:18","modified_gmt":"2025-06-07T12:50:18","slug":"desmatamento-na-amazonia-cresce-92-em-maio-segundo-inpe","status":"publish","type":"post","link":"https:\/\/dgospel.com.br\/portal\/index.php\/2025\/06\/07\/desmatamento-na-amazonia-cresce-92-em-maio-segundo-inpe\/","title":{"rendered":"Desmatamento na Amaz\u00f4nia cresce 92% em maio, segundo INPE"},"content":{"rendered":"\n<p>O desmatamento na Amaz\u00f4nia atingiu 960 km\u00b2 em maio de 2025, registrando um aumento de 92% em rela\u00e7\u00e3o ao mesmo m\u00eas do ano anterior, quando foram derrubados 502 km\u00b2. Os dados, divulgados nesta sexta-feira (6) pelo Instituto Nacional de Pesquisas Espaciais (Inpe), acendem novo sinal de alerta sobre o controle ambiental no pa\u00eds e exp\u00f5em tens\u00f5es dentro do pr\u00f3prio governo federal.<\/p>\n\n\n\n<p>As informa\u00e7\u00f5es s\u00e3o do sistema Deter, ferramenta de detec\u00e7\u00e3o em tempo real utilizada pelo Inpe para indicar \u00e1reas de devasta\u00e7\u00e3o. O n\u00famero representa o segundo aumento consecutivo no ano \u2014 em abril, os alertas de desmatamento haviam subido 55%. Os estados mais impactados foram Mato Grosso (627 km\u00b2), Par\u00e1 (145 km\u00b2) e Amazonas (142 km\u00b2).<\/p>\n\n\n\n<p>Segundo Jo\u00e3o Paulo Capobianco, secret\u00e1rio-executivo do Minist\u00e9rio do Meio Ambiente, o salto pode estar associado a um novo padr\u00e3o de destrui\u00e7\u00e3o, batizado de \u201cdesmatamento com vegeta\u00e7\u00e3o\u201d, que se d\u00e1 quando a floresta \u00e9 incendiada antes de ser totalmente removida. \u201c\u00c9 quando a floresta queima e entra em colapso\u201d, afirmou o gestor.<\/p>\n\n\n\n<p>Apesar do agravamento em maio, os dados consolidados de 2024 ainda indicam um recuo de 30,6% no desmatamento da Amaz\u00f4nia em rela\u00e7\u00e3o a 2023, de acordo com o sistema Prodes, tamb\u00e9m do Inpe, que calcula a perda anual de cobertura florestal.<\/p>\n\n\n\n<p>Especialistas, no entanto, alertam que os picos mensais podem sinalizar fragilidade estrutural na governan\u00e7a ambiental. Para Marcio Astrini, secret\u00e1rio-executivo do Observat\u00f3rio do Clima, os retrocessos s\u00e3o fruto de diverg\u00eancias dentro do pr\u00f3prio governo.<\/p>\n\n\n\n<p>\u201cN\u00e3o h\u00e1 apenas diverg\u00eancias, mas fogo amigo contra o meio ambiente. A agenda ambiental n\u00e3o tolera duplo comando. Est\u00e1 mais do que na hora de o presidente Lula dar um rumo \u00fanico ao seu governo nesta \u00e1rea\u201d, afirmou.<\/p>\n\n\n\n<p>Em contraste com a Amaz\u00f4nia, o Pantanal manteve uma trajet\u00f3ria de redu\u00e7\u00e3o. Em maio, o bioma registrou queda de 65% no desmatamento, em compara\u00e7\u00e3o com o mesmo m\u00eas de 2024. No acumulado de dez meses (agosto de 2024 a maio de 2025), a \u00e1rea desmatada caiu 74%, passando de 1.035 km\u00b2 para 267 km\u00b2.<\/p>\n","protected":false},"excerpt":{"rendered":"<p>O desmatamento na Amaz\u00f4nia atingiu 960 km\u00b2 em maio de 2025, registrando um aumento de 92% em rela\u00e7\u00e3o ao mesmo m\u00eas do ano anterior, quando foram derrubados 502 km\u00b2. Os dados, divulgados nesta sexta-feira (6) pelo Instituto Nacional de Pesquisas Espaciais (Inpe), acendem novo sinal de alerta sobre o controle ambiental no pa\u00eds e exp\u00f5em [&hellip;]<\/p>\n","protected":false},"author":2,"featured_media":21972,"comment_status":"open","ping_status":"open","sticky":false,"template":"","format":"standard","meta":[],"categories":[10],"tags":[13],"_links":{"self":[{"href":"https:\/\/dgospel.com.br\/portal\/index.php\/wp-json\/wp\/v2\/posts\/21971"}],"collection":[{"href":"https:\/\/dgospel.com.br\/portal\/index.php\/wp-json\/wp\/v2\/posts"}],"about":[{"href":"https:\/\/dgospel.com.br\/portal\/index.php\/wp-json\/wp\/v2\/types\/post"}],"author":[{"embeddable":true,"href":"https:\/\/dgospel.com.br\/portal\/index.php\/wp-json\/wp\/v2\/users\/2"}],"replies":[{"embeddable":true,"href":"https:\/\/dgospel.com.br\/portal\/index.php\/wp-json\/wp\/v2\/comments?post=21971"}],"version-history":[{"count":1,"href":"https:\/\/dgospel.com.br\/portal\/index.php\/wp-json\/wp\/v2\/posts\/21971\/revisions"}],"predecessor-version":[{"id":21973,"href":"https:\/\/dgospel.com.br\/portal\/index.php\/wp-json\/wp\/v2\/posts\/21971\/revisions\/21973"}],"wp:featuredmedia":[{"embeddable":true,"href":"https:\/\/dgospel.com.br\/portal\/index.php\/wp-json\/wp\/v2\/media\/21972"}],"wp:attachment":[{"href":"https:\/\/dgospel.com.br\/portal\/index.php\/wp-json\/wp\/v2\/media?parent=21971"}],"wp:term":[{"taxonomy":"category","embeddable":true,"href":"https:\/\/dgospel.com.br\/portal\/index.php\/wp-json\/wp\/v2\/categories?post=21971"},{"taxonomy":"post_tag","embeddable":true,"href":"https:\/\/dgospel.com.br\/portal\/index.php\/wp-json\/wp\/v2\/tags?post=21971"}],"curies":[{"name":"wp","href":"https:\/\/api.w.org\/{rel}","templated":true}]}}