{"id":21984,"date":"2025-06-10T16:26:16","date_gmt":"2025-06-10T19:26:16","guid":{"rendered":"https:\/\/dgospel.com.br\/portal\/?p=21984"},"modified":"2025-06-10T16:26:17","modified_gmt":"2025-06-10T19:26:17","slug":"gipao-destaca-araguaina-como-potencia-do-agronegocio-durante-a-cavalgada-e-expoara-2025","status":"publish","type":"post","link":"https:\/\/dgospel.com.br\/portal\/index.php\/2025\/06\/10\/gipao-destaca-araguaina-como-potencia-do-agronegocio-durante-a-cavalgada-e-expoara-2025\/","title":{"rendered":"Gip\u00e3o destaca Aragua\u00edna como pot\u00eancia do agroneg\u00f3cio durante a Cavalgada e Expoara 2025"},"content":{"rendered":"\n<p>O deputado estadual Gip\u00e3o (PL) marcou presen\u00e7a na tradicional Cavalgada de Aragua\u00edna, realizada neste fim de semana, refor\u00e7ando seu apoio \u00e0 Expoara 2025 \u2013 considerada a maior feira agropecu\u00e1ria do Norte do Tocantins e uma das mais importantes do pa\u00eds.<\/p>\n\n\n\n<p>O parlamentar acompanhou o desfile dos mais de 5 mil cavaleiros e amazonas, que atraiu uma multid\u00e3o nas ruas da cidade e contou com a participa\u00e7\u00e3o de autoridades, como o prefeito Wagner Rodrigues, o presidente da Assembleia Legislativa, deputado Am\u00e9lio Cayres, a senadora Dorinha e o vice-governador Laurez Moreira.<\/p>\n\n\n\n<p><\/p>\n\n\n\n<figure class=\"wp-block-image size-large\"><img loading=\"lazy\" width=\"1024\" height=\"550\" src=\"https:\/\/dgospel.com.br\/portal\/wp-content\/uploads\/2025\/06\/000-1024x550.jpg\" alt=\"\" class=\"wp-image-21986\" srcset=\"https:\/\/dgospel.com.br\/portal\/wp-content\/uploads\/2025\/06\/000-1024x550.jpg 1024w, https:\/\/dgospel.com.br\/portal\/wp-content\/uploads\/2025\/06\/000-300x161.jpg 300w, https:\/\/dgospel.com.br\/portal\/wp-content\/uploads\/2025\/06\/000-768x412.jpg 768w, https:\/\/dgospel.com.br\/portal\/wp-content\/uploads\/2025\/06\/000-1536x825.jpg 1536w, https:\/\/dgospel.com.br\/portal\/wp-content\/uploads\/2025\/06\/000-250x135.jpg 250w, https:\/\/dgospel.com.br\/portal\/wp-content\/uploads\/2025\/06\/000.jpg 1600w\" sizes=\"(max-width: 1024px) 100vw, 1024px\" \/><\/figure>\n\n\n\n<p>A Cavalgada de Aragua\u00edna, reconhecida como a maior do mundo em extens\u00e3o e n\u00famero de participantes, \u00e9 um atrativo para fam\u00edlias e produtores rurais em uma celebra\u00e7\u00e3o marcada pela tradi\u00e7\u00e3o, f\u00e9 e uni\u00e3o do povo tocantinense.<\/p>\n\n\n\n<p>Para Gip\u00e3o, a participa\u00e7\u00e3o popular \u00e9 o que torna o evento ainda mais significativo. \u201cA Cavalgada \u00e9 mais do que uma tradi\u00e7\u00e3o, \u00e9 um momento de uni\u00e3o, f\u00e9 e valoriza\u00e7\u00e3o das ra\u00edzes do nosso povo. Ver pais, filhos e av\u00f3s juntos no trajeto \u00e9 emocionante. Isso mostra que o campo segue forte, com valores s\u00f3lidos e muito orgulho de sua hist\u00f3ria\u201d, destacou.<\/p>\n\n\n\n<p>A 35\u00aa edi\u00e7\u00e3o da Cavalgada encerrou com chave de ouro a programa\u00e7\u00e3o da Expoara, feira que, segundo Gip\u00e3o, representa um verdadeiro motor do desenvolvimento para o estado. \u201cEstamos falando de um evento que movimenta mais de R$ 200 milh\u00f5es e gera cerca de 2 mil empregos tempor\u00e1rios. Isso \u00e9 desenvolvimento, \u00e9 gera\u00e7\u00e3o de renda, \u00e9 futuro para o nosso povo. A Expoara \u00e9 um orgulho para o Tocantins\u201d, acrescentou o parlamentar.<\/p>\n\n\n\n<p>Aragua\u00edna: pot\u00eancia do agroneg\u00f3cio<\/p>\n\n\n\n<p>Grande incentivador da Expoara, o deputado Gip\u00e3o destacou o protagonismo da cidade no setor agropecu\u00e1rio. \u201cAragua\u00edna \u00e9 uma pot\u00eancia no agroneg\u00f3cio do nosso estado. A cidade cresce com base no trabalho de seu povo e na for\u00e7a do campo. \u00c9 aqui que vemos o Tocantins que d\u00e1 certo: produtivo, pujante e comprometido com o desenvolvimento sustent\u00e1vel\u201d, ressaltou.<\/p>\n\n\n\n<p>Ele ainda reafirmou seu compromisso com as pautas do agroneg\u00f3cio e com o fortalecimento das fam\u00edlias do campo. \u201cEstarei sempre ao lado de quem trabalha pelo campo, pelas fam\u00edlias e pela constru\u00e7\u00e3o de um Tocantins cada vez mais forte e pr\u00f3spero\u201d, finalizou<\/p>\n","protected":false},"excerpt":{"rendered":"<p>O deputado estadual Gip\u00e3o (PL) marcou presen\u00e7a na tradicional Cavalgada de Aragua\u00edna, realizada neste fim de semana, refor\u00e7ando seu apoio \u00e0 Expoara 2025 \u2013 considerada a maior feira agropecu\u00e1ria do Norte do Tocantins e uma das mais importantes do pa\u00eds. O parlamentar acompanhou o desfile dos mais de 5 mil cavaleiros e amazonas, que atraiu [&hellip;]<\/p>\n","protected":false},"author":2,"featured_media":21985,"comment_status":"open","ping_status":"open","sticky":false,"template":"","format":"standard","meta":[],"categories":[8],"tags":[],"_links":{"self":[{"href":"https:\/\/dgospel.com.br\/portal\/index.php\/wp-json\/wp\/v2\/posts\/21984"}],"collection":[{"href":"https:\/\/dgospel.com.br\/portal\/index.php\/wp-json\/wp\/v2\/posts"}],"about":[{"href":"https:\/\/dgospel.com.br\/portal\/index.php\/wp-json\/wp\/v2\/types\/post"}],"author":[{"embeddable":true,"href":"https:\/\/dgospel.com.br\/portal\/index.php\/wp-json\/wp\/v2\/users\/2"}],"replies":[{"embeddable":true,"href":"https:\/\/dgospel.com.br\/portal\/index.php\/wp-json\/wp\/v2\/comments?post=21984"}],"version-history":[{"count":1,"href":"https:\/\/dgospel.com.br\/portal\/index.php\/wp-json\/wp\/v2\/posts\/21984\/revisions"}],"predecessor-version":[{"id":21987,"href":"https:\/\/dgospel.com.br\/portal\/index.php\/wp-json\/wp\/v2\/posts\/21984\/revisions\/21987"}],"wp:featuredmedia":[{"embeddable":true,"href":"https:\/\/dgospel.com.br\/portal\/index.php\/wp-json\/wp\/v2\/media\/21985"}],"wp:attachment":[{"href":"https:\/\/dgospel.com.br\/portal\/index.php\/wp-json\/wp\/v2\/media?parent=21984"}],"wp:term":[{"taxonomy":"category","embeddable":true,"href":"https:\/\/dgospel.com.br\/portal\/index.php\/wp-json\/wp\/v2\/categories?post=21984"},{"taxonomy":"post_tag","embeddable":true,"href":"https:\/\/dgospel.com.br\/portal\/index.php\/wp-json\/wp\/v2\/tags?post=21984"}],"curies":[{"name":"wp","href":"https:\/\/api.w.org\/{rel}","templated":true}]}}