{"id":21988,"date":"2025-06-12T12:37:53","date_gmt":"2025-06-12T15:37:53","guid":{"rendered":"https:\/\/dgospel.com.br\/portal\/?p=21988"},"modified":"2025-06-12T12:37:54","modified_gmt":"2025-06-12T15:37:54","slug":"deputado-gipao-visita-assembleia-legislativa-do-parana-e-e-recebido-por-mara-lima","status":"publish","type":"post","link":"https:\/\/dgospel.com.br\/portal\/index.php\/2025\/06\/12\/deputado-gipao-visita-assembleia-legislativa-do-parana-e-e-recebido-por-mara-lima\/","title":{"rendered":"Deputado Gip\u00e3o visita Assembleia Legislativa do Paran\u00e1 e \u00e9 recebido por Mara Lima"},"content":{"rendered":"\n<p>Na \u00faltima ter\u00e7a-feira (10), o deputado estadual Gip\u00e3o (PL-TO) realizou uma visita \u00e0 Assembleia Legislativa do Estado do Paran\u00e1 (ALEP), em Curitiba e foi recebido pela deputada Mara Lima (Republicanos-PR), refer\u00eancia entre os parlamentares evang\u00e9licos do Sul do Brasil, pelo deputado Hussein Bakri (PSD), l\u00edder do governo, e pelo presidente da casa, Alexandre Curi (PSD).<\/p>\n\n\n\n<p>A visita teve como objetivo estreitar la\u00e7os entre os legislativos estaduais, promover a troca de experi\u00eancias entre parlamentares e fortalecer pautas comuns em defesa da fam\u00edlia, da vida e dos valores crist\u00e3os \u2014 temas que fazem parte da atua\u00e7\u00e3o de ambos os deputados.<\/p>\n\n\n\n<p>Apesar de atuarem em regi\u00f5es diferentes do pa\u00eds \u2014 Gip\u00e3o no Norte e Mara Lima no Sul \u2014 os dois parlamentares compartilham trajet\u00f3rias semelhantes. S\u00e3o identificados com a direita conservadora, t\u00eam forte apoio do p\u00fablico evang\u00e9lico e s\u00e3o reconhecidos pela defesa firme de princ\u00edpios como a moral, os bons costumes e a liberdade religiosa.<\/p>\n\n\n\n<p>Durante o encontro, a cantora e deputada Mara Lima presenteou o deputado Gip\u00e3o com um exemplar do livro Louvores Eternos, de sua pr\u00f3pria autoria. A obra re\u00fane 52 devocionais inspirados em can\u00e7\u00f5es \u2014 um gesto simb\u00f3lico que refor\u00e7a a sintonia espiritual entre os parlamentares e sua miss\u00e3o de levar a f\u00e9 crist\u00e3 ao servi\u00e7o p\u00fablico.<\/p>\n\n\n\n<p>Em suas redes sociais, a anfitri\u00e3 expressou a alegria de receber o colega tocantinense:<\/p>\n\n\n\n<blockquote class=\"wp-block-quote\"><p>\u201cUm momento especial de comunh\u00e3o e troca de experi\u00eancias sobre os desafios e prop\u00f3sitos no nosso trabalho no Legislativo\u201d, declarou Mara.<\/p><p><\/p><\/blockquote>\n\n\n\n<figure class=\"wp-block-image size-large\"><img loading=\"lazy\" width=\"576\" height=\"1024\" src=\"https:\/\/dgospel.com.br\/portal\/wp-content\/uploads\/2025\/06\/00-3-576x1024.jpg\" alt=\"\" class=\"wp-image-21990\" srcset=\"https:\/\/dgospel.com.br\/portal\/wp-content\/uploads\/2025\/06\/00-3-576x1024.jpg 576w, https:\/\/dgospel.com.br\/portal\/wp-content\/uploads\/2025\/06\/00-3-169x300.jpg 169w, https:\/\/dgospel.com.br\/portal\/wp-content\/uploads\/2025\/06\/00-3-768x1365.jpg 768w, https:\/\/dgospel.com.br\/portal\/wp-content\/uploads\/2025\/06\/00-3-864x1536.jpg 864w, https:\/\/dgospel.com.br\/portal\/wp-content\/uploads\/2025\/06\/00-3.jpg 900w\" sizes=\"(max-width: 576px) 100vw, 576px\" \/><\/figure>\n\n\n\n<p>Gip\u00e3o tamb\u00e9m agradeceu a calorosa recep\u00e7\u00e3o e n\u00e3o economizou elogios \u00e0 atua\u00e7\u00e3o da parlamentar, que \u00e9 uma das vozes mais conhecidas da m\u00fasica gospel brasileira:<\/p>\n\n\n\n<blockquote class=\"wp-block-quote\"><p>\u201cA deputada Mara Lima \u00e9 uma refer\u00eancia n\u00e3o s\u00f3 na m\u00fasica crist\u00e3, mas tamb\u00e9m na pol\u00edtica estadual. Minha admira\u00e7\u00e3o s\u00f3 aumentou ao v\u00ea-la desempenhando esse trabalho brilhante no Paran\u00e1. Ela nos inspira com sua f\u00e9, coragem e compromisso com o povo\u201d, afirmou o deputado.<\/p><\/blockquote>\n\n\n\n<p>A visita refor\u00e7a o alinhamento de for\u00e7as conservadoras nas Assembleias Legislativas e fortalece o interc\u00e2mbio de ideias e iniciativas entre representantes que atuam em defesa de uma pauta crist\u00e3 e conservadora em todo o territ\u00f3rio nacional.<\/p>\n","protected":false},"excerpt":{"rendered":"<p>Na \u00faltima ter\u00e7a-feira (10), o deputado estadual Gip\u00e3o (PL-TO) realizou uma visita \u00e0 Assembleia Legislativa do Estado do Paran\u00e1 (ALEP), em Curitiba e foi recebido pela deputada Mara Lima (Republicanos-PR), refer\u00eancia entre os parlamentares evang\u00e9licos do Sul do Brasil, pelo deputado Hussein Bakri (PSD), l\u00edder do governo, e pelo presidente da casa, Alexandre Curi (PSD). [&hellip;]<\/p>\n","protected":false},"author":2,"featured_media":21989,"comment_status":"open","ping_status":"open","sticky":false,"template":"","format":"standard","meta":[],"categories":[8],"tags":[],"_links":{"self":[{"href":"https:\/\/dgospel.com.br\/portal\/index.php\/wp-json\/wp\/v2\/posts\/21988"}],"collection":[{"href":"https:\/\/dgospel.com.br\/portal\/index.php\/wp-json\/wp\/v2\/posts"}],"about":[{"href":"https:\/\/dgospel.com.br\/portal\/index.php\/wp-json\/wp\/v2\/types\/post"}],"author":[{"embeddable":true,"href":"https:\/\/dgospel.com.br\/portal\/index.php\/wp-json\/wp\/v2\/users\/2"}],"replies":[{"embeddable":true,"href":"https:\/\/dgospel.com.br\/portal\/index.php\/wp-json\/wp\/v2\/comments?post=21988"}],"version-history":[{"count":1,"href":"https:\/\/dgospel.com.br\/portal\/index.php\/wp-json\/wp\/v2\/posts\/21988\/revisions"}],"predecessor-version":[{"id":21991,"href":"https:\/\/dgospel.com.br\/portal\/index.php\/wp-json\/wp\/v2\/posts\/21988\/revisions\/21991"}],"wp:featuredmedia":[{"embeddable":true,"href":"https:\/\/dgospel.com.br\/portal\/index.php\/wp-json\/wp\/v2\/media\/21989"}],"wp:attachment":[{"href":"https:\/\/dgospel.com.br\/portal\/index.php\/wp-json\/wp\/v2\/media?parent=21988"}],"wp:term":[{"taxonomy":"category","embeddable":true,"href":"https:\/\/dgospel.com.br\/portal\/index.php\/wp-json\/wp\/v2\/categories?post=21988"},{"taxonomy":"post_tag","embeddable":true,"href":"https:\/\/dgospel.com.br\/portal\/index.php\/wp-json\/wp\/v2\/tags?post=21988"}],"curies":[{"name":"wp","href":"https:\/\/api.w.org\/{rel}","templated":true}]}}