{"id":21992,"date":"2025-06-18T12:42:05","date_gmt":"2025-06-18T15:42:05","guid":{"rendered":"https:\/\/dgospel.com.br\/portal\/?p=21992"},"modified":"2025-06-18T12:42:06","modified_gmt":"2025-06-18T15:42:06","slug":"gipao-propoe-criacao-da-regiao-metropolitana-de-araguaina-para-fortalecer-o-desenvolvimento-do-norte-do-estado","status":"publish","type":"post","link":"https:\/\/dgospel.com.br\/portal\/index.php\/2025\/06\/18\/gipao-propoe-criacao-da-regiao-metropolitana-de-araguaina-para-fortalecer-o-desenvolvimento-do-norte-do-estado\/","title":{"rendered":"Gip\u00e3o prop\u00f5e cria\u00e7\u00e3o da Regi\u00e3o Metropolitana de Aragua\u00edna para fortalecer o desenvolvimento do norte do estado"},"content":{"rendered":"\n<p>A Assembleia Legislativa do Estado do Tocantins recebeu o Projeto de Lei Complementar n\u00ba 01\/2025, de autoria do deputado estadual Gip\u00e3o (PL), que prop\u00f5e a cria\u00e7\u00e3o da Regi\u00e3o Metropolitana de Aragua\u00edna. O objetivo \u00e9 promover o desenvolvimento integrado e sustent\u00e1vel da regi\u00e3o norte do estado, consolidando Aragua\u00edna como um polo de refer\u00eancia econ\u00f4mica, urbana e administrativa.<\/p>\n\n\n\n<p>A proposta abrange mais de 20 munic\u00edpios e visa fortalecer a coopera\u00e7\u00e3o entre os entes federativos, com a unifica\u00e7\u00e3o de pol\u00edticas p\u00fablicas voltadas para \u00e1reas como sa\u00fade, transporte, educa\u00e7\u00e3o, seguran\u00e7a e infraestrutura. O projeto est\u00e1 atualmente em an\u00e1lise na Comiss\u00e3o de Constitui\u00e7\u00e3o, Justi\u00e7a e Reda\u00e7\u00e3o (CCJR) da Assembleia Legislativa.<\/p>\n\n\n\n<p><strong>Munic\u00edpios contemplados<\/strong><\/p>\n\n\n\n<p>De acordo com o texto, a Regi\u00e3o Metropolitana incluir\u00e1 os munic\u00edpios de Aragua\u00edna, Aguiarn\u00f3polis, Aragominas, Araguan\u00e3, Arapoema, Baba\u00e7ul\u00e2ndia, Bandeirantes do Tocantins, Carmol\u00e2ndia, Darcin\u00f3polis, Filad\u00e9lfia, Muricil\u00e2ndia, Nova Olinda, Pau D\u2019Arco, Piraqu\u00ea, Santa F\u00e9 do Araguaia, Wanderl\u00e2ndia e Xambio\u00e1. Outros munic\u00edpios da faixa geogr\u00e1fica entre os paralelos 5\u00b000\u2019 e 6\u00b000\u2019 S tamb\u00e9m poder\u00e3o ser inclu\u00eddos, conforme crit\u00e9rios t\u00e9cnicos e afinidades regionais.<\/p>\n\n\n\n<p><strong>Desenvolvimento e integra\u00e7\u00e3o<\/strong><\/p>\n\n\n\n<p>Entre os principais objetivos do projeto est\u00e3o o planejamento urbano sustent\u00e1vel, o uso racional dos recursos p\u00fablicos, a redu\u00e7\u00e3o das desigualdades sociais e a cria\u00e7\u00e3o de mecanismos de gest\u00e3o compartilhada de servi\u00e7os p\u00fablicos. \u00c1reas priorit\u00e1rias incluem o transporte intermunicipal, a mobilidade urbana, a integra\u00e7\u00e3o modal e a infraestrutura b\u00e1sica.<\/p>\n\n\n\n<p>Segundo o deputado Gip\u00e3o, a proposta permitir\u00e1 maior articula\u00e7\u00e3o entre os munic\u00edpios, com impactos positivos diretos na gera\u00e7\u00e3o de emprego, na atra\u00e7\u00e3o de investimentos e na qualidade de vida da popula\u00e7\u00e3o.<\/p>\n\n\n\n<p>&gt; \u201cAragua\u00edna j\u00e9 tem sido refer\u00eancia na regi\u00e3o, mas essa \u00e9 uma proposta que olha para o futuro. Estamos falando de planejamento, integra\u00e7\u00e3o e desenvolvimento com justi\u00e7a social para milhares de tocantinenses\u201d, afirma o parlamentar.<\/p>\n","protected":false},"excerpt":{"rendered":"<p>A Assembleia Legislativa do Estado do Tocantins recebeu o Projeto de Lei Complementar n\u00ba 01\/2025, de autoria do deputado estadual Gip\u00e3o (PL), que prop\u00f5e a cria\u00e7\u00e3o da Regi\u00e3o Metropolitana de Aragua\u00edna. O objetivo \u00e9 promover o desenvolvimento integrado e sustent\u00e1vel da regi\u00e3o norte do estado, consolidando Aragua\u00edna como um polo de refer\u00eancia econ\u00f4mica, urbana e [&hellip;]<\/p>\n","protected":false},"author":2,"featured_media":21993,"comment_status":"open","ping_status":"open","sticky":false,"template":"","format":"standard","meta":[],"categories":[8],"tags":[],"_links":{"self":[{"href":"https:\/\/dgospel.com.br\/portal\/index.php\/wp-json\/wp\/v2\/posts\/21992"}],"collection":[{"href":"https:\/\/dgospel.com.br\/portal\/index.php\/wp-json\/wp\/v2\/posts"}],"about":[{"href":"https:\/\/dgospel.com.br\/portal\/index.php\/wp-json\/wp\/v2\/types\/post"}],"author":[{"embeddable":true,"href":"https:\/\/dgospel.com.br\/portal\/index.php\/wp-json\/wp\/v2\/users\/2"}],"replies":[{"embeddable":true,"href":"https:\/\/dgospel.com.br\/portal\/index.php\/wp-json\/wp\/v2\/comments?post=21992"}],"version-history":[{"count":1,"href":"https:\/\/dgospel.com.br\/portal\/index.php\/wp-json\/wp\/v2\/posts\/21992\/revisions"}],"predecessor-version":[{"id":21994,"href":"https:\/\/dgospel.com.br\/portal\/index.php\/wp-json\/wp\/v2\/posts\/21992\/revisions\/21994"}],"wp:featuredmedia":[{"embeddable":true,"href":"https:\/\/dgospel.com.br\/portal\/index.php\/wp-json\/wp\/v2\/media\/21993"}],"wp:attachment":[{"href":"https:\/\/dgospel.com.br\/portal\/index.php\/wp-json\/wp\/v2\/media?parent=21992"}],"wp:term":[{"taxonomy":"category","embeddable":true,"href":"https:\/\/dgospel.com.br\/portal\/index.php\/wp-json\/wp\/v2\/categories?post=21992"},{"taxonomy":"post_tag","embeddable":true,"href":"https:\/\/dgospel.com.br\/portal\/index.php\/wp-json\/wp\/v2\/tags?post=21992"}],"curies":[{"name":"wp","href":"https:\/\/api.w.org\/{rel}","templated":true}]}}