{"id":21998,"date":"2025-06-18T22:23:31","date_gmt":"2025-06-19T01:23:31","guid":{"rendered":"https:\/\/dgospel.com.br\/portal\/?p=21998"},"modified":"2025-06-18T22:23:32","modified_gmt":"2025-06-19T01:23:32","slug":"projecao-aponta-empate-entre-catolicos-e-evangelicos-em-2049","status":"publish","type":"post","link":"https:\/\/dgospel.com.br\/portal\/index.php\/2025\/06\/18\/projecao-aponta-empate-entre-catolicos-e-evangelicos-em-2049\/","title":{"rendered":"Proje\u00e7\u00e3o aponta empate entre cat\u00f3licos e evang\u00e9licos em 2049"},"content":{"rendered":"\n<p>O dem\u00f3grafo Jos\u00e9 Eust\u00e1quio Diniz Alves, pesquisador aposentado do IBGE, publicou nesta quarta-feira (18), na Folha de S.Paulo, uma nova proje\u00e7\u00e3o sobre a transi\u00e7\u00e3o religiosa no Brasil com base nos dados do Censo Demogr\u00e1fico 2022.<\/p>\n\n\n\n<p>Segundo ele, se o ritmo de mudan\u00e7a entre os dois \u00faltimos censos continuar, em 2049, o Brasil poder\u00e1 ter 38,6% de evang\u00e9licos e 38% de cat\u00f3licos. Pessoas sem religi\u00e3o seriam 12,5%, e outras cren\u00e7as somariam 10,9%.<\/p>\n\n\n\n<p>Eust\u00e1quio destacou que a estimativa anterior indicava que os evang\u00e9licos ultrapassariam os cat\u00f3licos j\u00e1 em 2032. Mas, como o crescimento evang\u00e9lico foi menor do que o previsto, o cen\u00e1rio mudou: em 2049 o Brasil poder\u00e1 ter 38,6% de evang\u00e9licos, 38% de cat\u00f3licos, 12,5% de pessoas sem religi\u00e3o e 10,9% pertencentes a outras tradi\u00e7\u00f5es religiosas.<\/p>\n\n\n\n<p>\u2013 N\u00e3o se trata de um vatic\u00ednio, mas apenas de uma proje\u00e7\u00e3o de refer\u00eancia \u00fatil para quem deseja compreender o que poderia ocorrer caso a varia\u00e7\u00e3o observada entre os \u00faltimos dois censos se mantenha constante \u2013 explicou.<\/p>\n\n\n\n<p>O pesquisador ainda colocou algumas d\u00favidas no novo m\u00e9todo do IBGE. A primeira delas por n\u00e3o saber se a baixa cobertura censal impactou os resultados finais. Outro ponto \u00e9 que o Censo n\u00e3o contabilizou crian\u00e7as entre 0 e 9 anos de idade, o que pode gerar diferen\u00e7a justamente entre os evang\u00e9licos.<\/p>\n\n\n\n<p>E n\u00e3o tem s\u00f3 isso, ele falou ainda sobre o IBGE n\u00e3o ter divulgado os dados desagregados por denomina\u00e7\u00e3o religiosa. Segundo Jos\u00e9 Eust\u00e1quio, isso \u201clevanta a possibilidade de problemas na classifica\u00e7\u00e3o e categoriza\u00e7\u00e3o das diferentes filia\u00e7\u00f5es religiosas\u201d.<\/p>\n\n\n\n<p>Na an\u00e1lise, Est\u00e1quio explica que a mudan\u00e7a religiosa no Brasil tem sido movida por tr\u00eas fatores sociais: transforma\u00e7\u00f5es econ\u00f4micas e institucionais, urbaniza\u00e7\u00e3o acelerada e a transi\u00e7\u00e3o demogr\u00e1fica, com queda da fecundidade e aumento da expectativa de vida.<\/p>\n","protected":false},"excerpt":{"rendered":"<p>O dem\u00f3grafo Jos\u00e9 Eust\u00e1quio Diniz Alves, pesquisador aposentado do IBGE, publicou nesta quarta-feira (18), na Folha de S.Paulo, uma nova proje\u00e7\u00e3o sobre a transi\u00e7\u00e3o religiosa no Brasil com base nos dados do Censo Demogr\u00e1fico 2022. Segundo ele, se o ritmo de mudan\u00e7a entre os dois \u00faltimos censos continuar, em 2049, o Brasil poder\u00e1 ter 38,6% [&hellip;]<\/p>\n","protected":false},"author":2,"featured_media":21999,"comment_status":"open","ping_status":"open","sticky":false,"template":"","format":"standard","meta":[],"categories":[12,5],"tags":[],"_links":{"self":[{"href":"https:\/\/dgospel.com.br\/portal\/index.php\/wp-json\/wp\/v2\/posts\/21998"}],"collection":[{"href":"https:\/\/dgospel.com.br\/portal\/index.php\/wp-json\/wp\/v2\/posts"}],"about":[{"href":"https:\/\/dgospel.com.br\/portal\/index.php\/wp-json\/wp\/v2\/types\/post"}],"author":[{"embeddable":true,"href":"https:\/\/dgospel.com.br\/portal\/index.php\/wp-json\/wp\/v2\/users\/2"}],"replies":[{"embeddable":true,"href":"https:\/\/dgospel.com.br\/portal\/index.php\/wp-json\/wp\/v2\/comments?post=21998"}],"version-history":[{"count":1,"href":"https:\/\/dgospel.com.br\/portal\/index.php\/wp-json\/wp\/v2\/posts\/21998\/revisions"}],"predecessor-version":[{"id":22000,"href":"https:\/\/dgospel.com.br\/portal\/index.php\/wp-json\/wp\/v2\/posts\/21998\/revisions\/22000"}],"wp:featuredmedia":[{"embeddable":true,"href":"https:\/\/dgospel.com.br\/portal\/index.php\/wp-json\/wp\/v2\/media\/21999"}],"wp:attachment":[{"href":"https:\/\/dgospel.com.br\/portal\/index.php\/wp-json\/wp\/v2\/media?parent=21998"}],"wp:term":[{"taxonomy":"category","embeddable":true,"href":"https:\/\/dgospel.com.br\/portal\/index.php\/wp-json\/wp\/v2\/categories?post=21998"},{"taxonomy":"post_tag","embeddable":true,"href":"https:\/\/dgospel.com.br\/portal\/index.php\/wp-json\/wp\/v2\/tags?post=21998"}],"curies":[{"name":"wp","href":"https:\/\/api.w.org\/{rel}","templated":true}]}}