{"id":22011,"date":"2025-06-20T10:22:05","date_gmt":"2025-06-20T13:22:05","guid":{"rendered":"https:\/\/dgospel.com.br\/portal\/?p=22011"},"modified":"2025-06-20T10:22:06","modified_gmt":"2025-06-20T13:22:06","slug":"especialistas-analisam-qual-o-peso-do-voto-evangelico-apos-o-censo","status":"publish","type":"post","link":"https:\/\/dgospel.com.br\/portal\/index.php\/2025\/06\/20\/especialistas-analisam-qual-o-peso-do-voto-evangelico-apos-o-censo\/","title":{"rendered":"Especialistas analisam qual o peso do voto evang\u00e9lico ap\u00f3s o Censo"},"content":{"rendered":"\n<p>Os&nbsp;<strong><a href=\"https:\/\/folhagospel.com\/evangelicos-batem-recorde-no-brasil-e-numero-de-catolicos-e-o-menor-ja-registrado-revela-ibge\/\" target=\"_blank\" rel=\"noreferrer noopener\">dados do Censo 2022, divulgados recentemente pelo IBGE<\/a><\/strong>, escancaram uma mudan\u00e7a expressiva no panorama religioso brasileiro: o avan\u00e7o dos evang\u00e9licos e a redu\u00e7\u00e3o do n\u00famero de cat\u00f3licos. Embora o levantamento n\u00e3o trate diretamente do comportamento eleitoral, ele redesenha o mapa da f\u00e9 no Brasil e, com ele, as bases de influ\u00eancia pol\u00edtica para os pr\u00f3ximos anos.<\/p>\n\n\n\n<p>Para o pastor e escritor&nbsp;<a href=\"https:\/\/folhagospel.com\/t\/pastor-rodolfo-capler\/\" target=\"_blank\" rel=\"noreferrer noopener\">Rodolfo Capler<\/a>, o Censo, ainda que n\u00e3o aborde prefer\u00eancias eleitorais, serve como um term\u00f4metro social com desdobramentos pol\u00edticos claros. \u201cO crescimento evang\u00e9lico, ainda que menos acentuado do que previam algumas proje\u00e7\u00f5es, confirma a consolida\u00e7\u00e3o desse grupo como um dos principais atores da cultura pol\u00edtica nacional. A presen\u00e7a evang\u00e9lica, espalhada em todas as regi\u00f5es e classes sociais, indica um potencial de mobiliza\u00e7\u00e3o que vai muito al\u00e9m do n\u00famero absoluto\u201d.<\/p>\n\n\n\n<p>Segundo o especialista em marketing pol\u00edtico Rafael Le\u00e3o, o censo oferece um retrato demogr\u00e1fico que serve como b\u00fassola para partidos e candidatos: \u201cEle oferece um mapa preciso da presen\u00e7a evang\u00e9lica no Brasil. Isso permite aos partidos e candidatos dimensionarem melhor seu discurso e estrat\u00e9gias nos territ\u00f3rios onde esse grupo cresce. Os evang\u00e9licos t\u00eam demonstrado alto grau de mobiliza\u00e7\u00e3o e engajamento pol\u00edtico. Sua for\u00e7a nas urnas pode ser projetada com mais assertividade a partir desses dados\u201d.<\/p>\n\n\n\n<p>Capler complementa: \u201cEstamos falando de uma estrutura religiosa com capilaridade, influ\u00eancia comunit\u00e1ria e, em muitos casos, com lideran\u00e7as que fazem um papel paraeclesi\u00e1stico e at\u00e9 mesmo paraestatal. Mesmo sem saber em quem esses brasileiros votar\u00e3o, sabemos que sua identidade religiosa ser\u00e1, sim, um vetor decisivo de escolha\u201d.<\/p>\n\n\n\n<p>O cientista pol\u00edtico da Hold Assessoria Parlamentar, Andr\u00e9 Pereira C\u00e9sar, refor\u00e7a: \u201cA for\u00e7a pol\u00edtico-eleitoral dos evang\u00e9licos est\u00e1 dada. \u00c9 algo bastante relevante na cena pol\u00edtica brasileira. Quem se candidata, especialmente ao executivo, precisa ter uma interlocu\u00e7\u00e3o muito boa com esse p\u00fablico. Quem descartar isso, vai se dar mal\u201d. Para ele, n\u00e3o se trata apenas de n\u00fameros brutos, mas de influ\u00eancia real e cont\u00ednua. \u201cPode n\u00e3o estar crescendo como estava antes, mas continua muito relevante e isso n\u00e3o pode ser descartado\u201d.<\/p>\n\n\n\n<p>Rodolfo Capler faz uma leitura semelhante. Para ele, o fato de o crescimento evang\u00e9lico ter sido mais modesto que o previsto, \u00e9, em alguma medida, positivo. \u201cRevela um certo equil\u00edbrio no campo religioso que evita uma hegemonia absoluta e, com ela, a tenta\u00e7\u00e3o de confundir f\u00e9 com projeto de poder. Para alguns setores da pol\u00edtica que instrumentalizaram o crescimento evang\u00e9lico como estrat\u00e9gia de massa de manobra eleitoral, os n\u00fameros podem soar como um freio\u201d.<\/p>\n\n\n\n<p><strong>Crescimento pode ser lento, mas for\u00e7a evang\u00e9lica \u00e9 inquestion\u00e1vel&nbsp;<\/strong><\/p>\n\n\n\n<p>Apesar do crescimento evang\u00e9lico n\u00e3o ter sido t\u00e3o acelerado quanto muitos analistas previam, a tend\u00eancia segue firme. Le\u00e3o avalia que a leitura desses n\u00fameros precisa ser feita com cautela estrat\u00e9gica:<\/p>\n\n\n\n<p>\u201cPara a direita, que tem se apoiado fortemente nesse segmento, o ritmo mais lento do crescimento pode sinalizar a necessidade de diversifica\u00e7\u00e3o do discurso. Para a esquerda, a desacelera\u00e7\u00e3o pode ser vista como uma oportunidade de di\u00e1logo mais estrat\u00e9gico com evang\u00e9licos moderados. No fim, o dado exige menos triunfalismo e mais intelig\u00eancia pol\u00edtica de todos os lados\u201d.<\/p>\n\n\n\n<p>Andr\u00e9 Pereira C\u00e9sar compartilha leitura semelhante. \u201cO crescimento perdeu punch, como se diz no boxe. Perdeu pegada, mas continua importante, relevante na disputa. Continua crescendo, talvez n\u00e3o como antes, mas segue muito relevante. Quem n\u00e3o estiver atento a isso vai errar feio\u201d.<\/p>\n\n\n\n<p><strong>De olho nas regi\u00f5es historicamente decisivas<\/strong><\/p>\n\n\n\n<p>A movimenta\u00e7\u00e3o religiosa \u00e9 ainda mais sens\u00edvel em regi\u00f5es historicamente decisivas nas elei\u00e7\u00f5es, como o Norte e o Nordeste. Para Le\u00e3o, o que se observa \u00e9 uma \u201ctransi\u00e7\u00e3o religiosa silenciosa\u201d, marcada pelo avan\u00e7o das igrejas pentecostais e uma altera\u00e7\u00e3o na base cultural.<\/p>\n\n\n\n<p>\u201cNorte e Nordeste sempre foram mais influenciados por pautas sociais e assistenciais, mas hoje come\u00e7am a responder tamb\u00e9m a discursos morais e de valores. Isso pode equilibrar ou at\u00e9 reconfigurar o mapa eleitoral em 2026\u201d.<\/p>\n\n\n\n<p>Capler avalia que essas regi\u00f5es est\u00e3o passando por uma verdadeira reconfigura\u00e7\u00e3o de imagin\u00e1rio religioso. \u201cHistoricamente ligadas ao catolicismo popular e \u00e0s religi\u00f5es afro-brasileiras, Norte e Nordeste agora veem o crescimento evang\u00e9lico ganhar corpo e voz. Isso tensiona o campo pol\u00edtico. Nas \u00faltimas elei\u00e7\u00f5es, essas regi\u00f5es foram chave para a vit\u00f3ria, mas o aumento da presen\u00e7a evang\u00e9lica sugere uma disputa mais dividida entre valores progressistas e conservadores\u201d.<\/p>\n\n\n\n<p>C\u00e9sar destaca que, no Nordeste em especial, as nuances locais n\u00e3o podem ser ignoradas: \u201cAs nuances do Nordeste s\u00e3o muito relevantes para essa disputa. A quest\u00e3o religiosa entra inevitavelmente nesse debate. \u00c9 algo muito importante e quem quiser conquistar espa\u00e7o precisa estar atento a isso\u201d.&nbsp;<\/p>\n\n\n\n<p><strong>Quem mais se beneficia com os n\u00fameros atuais?<\/strong><\/p>\n\n\n\n<p>Quando a disputa \u00e9 vista pelo prisma ideol\u00f3gico, a balan\u00e7a ainda tende para a direita. \u201cA direita, historicamente mais alinhada ao p\u00fablico evang\u00e9lico, ainda colhe frutos desse v\u00ednculo, mas o crescimento mais t\u00edmido do segmento imp\u00f5e limites\u201d, diz Le\u00e3o. Ele acredita que a esquerda tamb\u00e9m pode se beneficiar:<\/p>\n\n\n\n<p>\u201cTem chance de recuperar espa\u00e7os entre religiosos que n\u00e3o se identificam com o radicalismo ou entre os que se afastam da religi\u00e3o organizada. Em resumo: a direita segue forte com a base evang\u00e9lica, mas a esquerda ganhou margem para reconquistar parte do voto popular com menos resist\u00eancia ideol\u00f3gica\u201d.<\/p>\n\n\n\n<p>Para Rodolfo Capler, o cen\u00e1rio n\u00e3o favorece uma leitura manique\u00edsta. \u201cOs evang\u00e9licos n\u00e3o s\u00e3o um bloco monol\u00edtico. H\u00e1 entre eles trabalhadores, mulheres, jovens negros, m\u00e3es solo, grupos com demandas sociais concretas que n\u00e3o se resolvem apenas com discursos morais. A esquerda come\u00e7a a entender que precisa conversar com esse p\u00fablico com menos arrog\u00e2ncia. A direita, por sua vez, precisa provar que sua alian\u00e7a com os evang\u00e9licos n\u00e3o \u00e9 apenas instrumental\u201d.<\/p>\n\n\n\n<p>C\u00e9sar concorda que a direita ainda leva vantagem, mas v\u00ea brechas para mudan\u00e7as: \u201cA direita ainda ganha mais nessa&nbsp;disputa, mas h\u00e1 presen\u00e7a da esquerda. O Lula tenta ganhar espa\u00e7o entre os evang\u00e9licos. O deputado Otoni de Paula, por exemplo, tem papel importante nessa negocia\u00e7\u00e3o. Pode haver algum equil\u00edbrio maior a partir de certos posicionamentos\u201d.<\/p>\n\n\n\n<p><strong>O peso dos votos dos sem religi\u00e3o<\/strong><\/p>\n\n\n\n<p>Capler tamb\u00e9m chama aten\u00e7\u00e3o para outro ponto trazido pelo censo: a alta de pessoas que se identificam como sem religi\u00e3o.<\/p>\n\n\n\n<p>\u201cEsse grupo n\u00e3o \u00e9 exatamente ateu. Muitos se consideram espiritualizados e defendem pautas ligadas \u00e0 liberdade individual, diversidade, combate \u00e0 intoler\u00e2ncia. \u00c9 um segmento importante, especialmente nas grandes cidades e entre os mais jovens. Eles podem for\u00e7ar um reposicionamento do discurso pol\u00edtico em rela\u00e7\u00e3o \u00e0 laicidade do Estado e \u00e0 liberdade religiosa\u201d.<\/p>\n\n\n\n<p>A reorganiza\u00e7\u00e3o religiosa no Brasil, evidenciada pelos dados do IBGE, se desdobra muito al\u00e9m da f\u00e9 individual. Ela revela redes de poder, alian\u00e7as estrat\u00e9gicas e disputas por narrativas em um pa\u00eds onde religi\u00e3o e pol\u00edtica se entrela\u00e7am cada vez mais. Se os candidatos quiserem mesmo vencer em 2026, ser\u00e1 preciso olhar com aten\u00e7\u00e3o e respeito para essa nova geografia da f\u00e9.<\/p>\n\n\n\n<p>Como resume Capler, \u201cos dados mostram um pa\u00eds que segue majoritariamente religioso, mas onde cresce a consci\u00eancia de que pol\u00edtica e religi\u00e3o n\u00e3o podem se fundir acriticamente. Quem souber lidar com essa tens\u00e3o com mais sensibilidade e menos oportunismo ter\u00e1 vantagem em 2026\u201d.<\/p>\n\n\n\n<p><strong>Fonte: Comunh\u00e3o<\/strong><\/p>\n","protected":false},"excerpt":{"rendered":"<p>Os&nbsp;dados do Censo 2022, divulgados recentemente pelo IBGE, escancaram uma mudan\u00e7a expressiva no panorama religioso brasileiro: o avan\u00e7o dos evang\u00e9licos e a redu\u00e7\u00e3o do n\u00famero de cat\u00f3licos. Embora o levantamento n\u00e3o trate diretamente do comportamento eleitoral, ele redesenha o mapa da f\u00e9 no Brasil e, com ele, as bases de influ\u00eancia pol\u00edtica para os pr\u00f3ximos [&hellip;]<\/p>\n","protected":false},"author":2,"featured_media":22012,"comment_status":"open","ping_status":"open","sticky":false,"template":"","format":"standard","meta":[],"categories":[5],"tags":[13],"_links":{"self":[{"href":"https:\/\/dgospel.com.br\/portal\/index.php\/wp-json\/wp\/v2\/posts\/22011"}],"collection":[{"href":"https:\/\/dgospel.com.br\/portal\/index.php\/wp-json\/wp\/v2\/posts"}],"about":[{"href":"https:\/\/dgospel.com.br\/portal\/index.php\/wp-json\/wp\/v2\/types\/post"}],"author":[{"embeddable":true,"href":"https:\/\/dgospel.com.br\/portal\/index.php\/wp-json\/wp\/v2\/users\/2"}],"replies":[{"embeddable":true,"href":"https:\/\/dgospel.com.br\/portal\/index.php\/wp-json\/wp\/v2\/comments?post=22011"}],"version-history":[{"count":1,"href":"https:\/\/dgospel.com.br\/portal\/index.php\/wp-json\/wp\/v2\/posts\/22011\/revisions"}],"predecessor-version":[{"id":22013,"href":"https:\/\/dgospel.com.br\/portal\/index.php\/wp-json\/wp\/v2\/posts\/22011\/revisions\/22013"}],"wp:featuredmedia":[{"embeddable":true,"href":"https:\/\/dgospel.com.br\/portal\/index.php\/wp-json\/wp\/v2\/media\/22012"}],"wp:attachment":[{"href":"https:\/\/dgospel.com.br\/portal\/index.php\/wp-json\/wp\/v2\/media?parent=22011"}],"wp:term":[{"taxonomy":"category","embeddable":true,"href":"https:\/\/dgospel.com.br\/portal\/index.php\/wp-json\/wp\/v2\/categories?post=22011"},{"taxonomy":"post_tag","embeddable":true,"href":"https:\/\/dgospel.com.br\/portal\/index.php\/wp-json\/wp\/v2\/tags?post=22011"}],"curies":[{"name":"wp","href":"https:\/\/api.w.org\/{rel}","templated":true}]}}