{"id":22017,"date":"2025-06-20T10:31:16","date_gmt":"2025-06-20T13:31:16","guid":{"rendered":"https:\/\/dgospel.com.br\/portal\/?p=22017"},"modified":"2025-06-20T10:39:51","modified_gmt":"2025-06-20T13:39:51","slug":"tarcisio-torna-marcha-para-jesus-patrimonio-cultural-de-sao-paulo","status":"publish","type":"post","link":"https:\/\/dgospel.com.br\/portal\/index.php\/2025\/06\/20\/tarcisio-torna-marcha-para-jesus-patrimonio-cultural-de-sao-paulo\/","title":{"rendered":"Tarc\u00edsio torna Marcha para Jesus patrim\u00f4nio cultural de S\u00e3o Paulo"},"content":{"rendered":"\n<p>O governador de S\u00e3o Paulo, Tarc\u00edsio de Freitas (Republicanos), anunciou nesta quinta-feira (19) que sancionou uma lei que torna a Marcha Para Jesus um Patrim\u00f4nio Cultural Imaterial de S\u00e3o Paulo. A declara\u00e7\u00e3o foi feita durante sua participa\u00e7\u00e3o no evento.<\/p>\n\n\n\n<p>Al\u00e9m do evento crist\u00e3o, o chefe do Executivo paulista tamb\u00e9m tornou Patrim\u00f4nio Cultural o grupo Renascer Praise, da Igreja Renascer, liderada pelos bispos Estevam e S\u00f4nia Hernandes. Tarc\u00edsio exibiu uma placa com as duas homenagens a multid\u00e3o.<\/p>\n\n\n\n<p>\u2013 Viva a cultura gospel, viva a Marcha para Jesus, viva a Renascer Praise, viva S\u00e3o Paulo \u2013 disse em discurso.<\/p>\n\n\n\n<p>O governador tamb\u00e9m exibiu a bandeira de Israel no palco do evento, onde tamb\u00e9m estava Cl\u00e1udio Lottenberg, da Confedera\u00e7\u00e3o Israelita Brasileira.<\/p>\n\n\n\n<p>Tamb\u00e9m compareceram \u00e0 Marcha o prefeito Ricardo Nunes (MDB), o ministro da Justi\u00e7a Andr\u00e9 Mendon\u00e7a, o prefeito de Sorocaba Rodrigo Manga (Republicanos), e outros.<\/p>\n\n\n\n<p>Esta \u00e9 33\u00aa edi\u00e7\u00e3o da Marcha Para Jesus. Com o tema Deus Forte, o evento re\u00fane milhares de fi\u00e9is.<\/p>\n","protected":false},"excerpt":{"rendered":"<p>O governador de S\u00e3o Paulo, Tarc\u00edsio de Freitas (Republicanos), anunciou nesta quinta-feira (19) que sancionou uma lei que torna a Marcha Para Jesus um Patrim\u00f4nio Cultural Imaterial de S\u00e3o Paulo. A declara\u00e7\u00e3o foi feita durante sua participa\u00e7\u00e3o no evento. Al\u00e9m do evento crist\u00e3o, o chefe do Executivo paulista tamb\u00e9m tornou Patrim\u00f4nio Cultural o grupo Renascer [&hellip;]<\/p>\n","protected":false},"author":2,"featured_media":22018,"comment_status":"open","ping_status":"open","sticky":false,"template":"","format":"standard","meta":[],"categories":[12,10],"tags":[],"_links":{"self":[{"href":"https:\/\/dgospel.com.br\/portal\/index.php\/wp-json\/wp\/v2\/posts\/22017"}],"collection":[{"href":"https:\/\/dgospel.com.br\/portal\/index.php\/wp-json\/wp\/v2\/posts"}],"about":[{"href":"https:\/\/dgospel.com.br\/portal\/index.php\/wp-json\/wp\/v2\/types\/post"}],"author":[{"embeddable":true,"href":"https:\/\/dgospel.com.br\/portal\/index.php\/wp-json\/wp\/v2\/users\/2"}],"replies":[{"embeddable":true,"href":"https:\/\/dgospel.com.br\/portal\/index.php\/wp-json\/wp\/v2\/comments?post=22017"}],"version-history":[{"count":2,"href":"https:\/\/dgospel.com.br\/portal\/index.php\/wp-json\/wp\/v2\/posts\/22017\/revisions"}],"predecessor-version":[{"id":22026,"href":"https:\/\/dgospel.com.br\/portal\/index.php\/wp-json\/wp\/v2\/posts\/22017\/revisions\/22026"}],"wp:featuredmedia":[{"embeddable":true,"href":"https:\/\/dgospel.com.br\/portal\/index.php\/wp-json\/wp\/v2\/media\/22018"}],"wp:attachment":[{"href":"https:\/\/dgospel.com.br\/portal\/index.php\/wp-json\/wp\/v2\/media?parent=22017"}],"wp:term":[{"taxonomy":"category","embeddable":true,"href":"https:\/\/dgospel.com.br\/portal\/index.php\/wp-json\/wp\/v2\/categories?post=22017"},{"taxonomy":"post_tag","embeddable":true,"href":"https:\/\/dgospel.com.br\/portal\/index.php\/wp-json\/wp\/v2\/tags?post=22017"}],"curies":[{"name":"wp","href":"https:\/\/api.w.org\/{rel}","templated":true}]}}