{"id":22020,"date":"2025-06-20T10:35:14","date_gmt":"2025-06-20T13:35:14","guid":{"rendered":"https:\/\/dgospel.com.br\/portal\/?p=22020"},"modified":"2025-06-20T10:35:15","modified_gmt":"2025-06-20T13:35:15","slug":"lula-recusa-convite-para-marcha-para-jesus-e-envia-jorge-messias-pela-terceira-vez","status":"publish","type":"post","link":"https:\/\/dgospel.com.br\/portal\/index.php\/2025\/06\/20\/lula-recusa-convite-para-marcha-para-jesus-e-envia-jorge-messias-pela-terceira-vez\/","title":{"rendered":"Lula recusa convite para Marcha para Jesus e envia Jorge Messias pela terceira vez"},"content":{"rendered":"\n<p>Pelo terceiro ano seguido, o presidente Luiz In\u00e1cio Lula da Silva (PT) recusou o convite feito pela organiza\u00e7\u00e3o da Marcha para Jesus em S\u00e3o Paulo, que acontece esta quinta-feira (19) feriado de Corpus Christi. O petista n\u00e3o informou o motivo pelo qual n\u00e3o comparecer\u00e1 ao evento, que tem a estimativa de reunir 2 milh\u00f5es de fi\u00e9is no centro da capital.<\/p>\n\n\n\n<p>Interlocutores do governo avisaram que Lula enviaria no seu lugar o ministro da Advocacia-Geral da Uni\u00e3o (AGU), Jorge Messias, que \u00e9 evang\u00e9lico e nos outros anos tamb\u00e9m foi represent\u00e1-lo. No primeiro ano do governo, em 2023, o ministro foi vaiado pela multid\u00e3o de evang\u00e9licos ao citar o nome do petista.<\/p>\n\n\n\n<p>O governador de S\u00e3o Paulo, Tarc\u00edsio de Freitas (Republicanos), e o prefeito da capital, Ricardo Nunes (MDB), participaram Marcha, a convite do ap\u00f3stolo da Igreja Evang\u00e9lica Pentecostal Renascer em Cristo Estevam Hernandes, organizador do evento.<\/p>\n\n\n\n<p>No ano passado, ap\u00f3s as vaias do ano anterior, o ap\u00f3stolo pediu \u201cdias melhores\u201d para o Brasil abra\u00e7ado a Messias diante dos fi\u00e9is.<\/p>\n\n\n\n<p>O governo Lula tenta reverter a alta rejei\u00e7\u00e3o entre o eleitorado evang\u00e9lico, que j\u00e1 representam mais de um quarto da popula\u00e7\u00e3o brasileira segundo a nova publica\u00e7\u00e3o do Censo 2022. Nas \u00faltimas elei\u00e7\u00f5es, o segmento foi disputado pelos diferentes candidatos e segue sendo parcela da popula\u00e7\u00e3o que pode definir os resultados nas urnas.<\/p>\n\n\n\n<p>*Com informa\u00e7\u00f5es AE<\/p>\n","protected":false},"excerpt":{"rendered":"<p>Pelo terceiro ano seguido, o presidente Luiz In\u00e1cio Lula da Silva (PT) recusou o convite feito pela organiza\u00e7\u00e3o da Marcha para Jesus em S\u00e3o Paulo, que acontece esta quinta-feira (19) feriado de Corpus Christi. O petista n\u00e3o informou o motivo pelo qual n\u00e3o comparecer\u00e1 ao evento, que tem a estimativa de reunir 2 milh\u00f5es de [&hellip;]<\/p>\n","protected":false},"author":2,"featured_media":22021,"comment_status":"open","ping_status":"open","sticky":false,"template":"","format":"standard","meta":[],"categories":[4],"tags":[13],"_links":{"self":[{"href":"https:\/\/dgospel.com.br\/portal\/index.php\/wp-json\/wp\/v2\/posts\/22020"}],"collection":[{"href":"https:\/\/dgospel.com.br\/portal\/index.php\/wp-json\/wp\/v2\/posts"}],"about":[{"href":"https:\/\/dgospel.com.br\/portal\/index.php\/wp-json\/wp\/v2\/types\/post"}],"author":[{"embeddable":true,"href":"https:\/\/dgospel.com.br\/portal\/index.php\/wp-json\/wp\/v2\/users\/2"}],"replies":[{"embeddable":true,"href":"https:\/\/dgospel.com.br\/portal\/index.php\/wp-json\/wp\/v2\/comments?post=22020"}],"version-history":[{"count":1,"href":"https:\/\/dgospel.com.br\/portal\/index.php\/wp-json\/wp\/v2\/posts\/22020\/revisions"}],"predecessor-version":[{"id":22022,"href":"https:\/\/dgospel.com.br\/portal\/index.php\/wp-json\/wp\/v2\/posts\/22020\/revisions\/22022"}],"wp:featuredmedia":[{"embeddable":true,"href":"https:\/\/dgospel.com.br\/portal\/index.php\/wp-json\/wp\/v2\/media\/22021"}],"wp:attachment":[{"href":"https:\/\/dgospel.com.br\/portal\/index.php\/wp-json\/wp\/v2\/media?parent=22020"}],"wp:term":[{"taxonomy":"category","embeddable":true,"href":"https:\/\/dgospel.com.br\/portal\/index.php\/wp-json\/wp\/v2\/categories?post=22020"},{"taxonomy":"post_tag","embeddable":true,"href":"https:\/\/dgospel.com.br\/portal\/index.php\/wp-json\/wp\/v2\/tags?post=22020"}],"curies":[{"name":"wp","href":"https:\/\/api.w.org\/{rel}","templated":true}]}}