{"id":22023,"date":"2025-06-20T10:39:27","date_gmt":"2025-06-20T13:39:27","guid":{"rendered":"https:\/\/dgospel.com.br\/portal\/?p=22023"},"modified":"2025-06-20T10:39:27","modified_gmt":"2025-06-20T13:39:27","slug":"ministro-andre-mendonca-participa-da-marcha-para-jesus-em-sp","status":"publish","type":"post","link":"https:\/\/dgospel.com.br\/portal\/index.php\/2025\/06\/20\/ministro-andre-mendonca-participa-da-marcha-para-jesus-em-sp\/","title":{"rendered":"Ministro Andr\u00e9 Mendon\u00e7a participa da Marcha para Jesus em SP"},"content":{"rendered":"\n<p>O Advogado-geral da Uni\u00e3o, Jorge Messias, e o ministro do Supremo Tribunal Federal (STF), Andr\u00e9 Mendon\u00e7a, compareceram \u00e0 33\u00aa Marcha para Jesus, que acontece nesta quinta-feira (19), na capital paulista. Al\u00e9m deles, est\u00e3o presentes: governador de S\u00e3o Paulo, Tarc\u00edsio de Freitas (Republicanos); o prefeito da cidade, Ricardo Nunes (MDB); o presidente da Assembleia Legislativa do Estado, Andr\u00e9 do Prado (PL); o prefeito de Sorocaba (SP), Rodrigo Manga (Republicanos); o secret\u00e1rio de Seguran\u00e7a da capital, Orlando Morando; e o vereador Adrilles Jorge (Uni\u00e3o Brasil).<\/p>\n\n\n\n<p>O presidente nacional do PL, Valdemar da Costa Neto, e o secret\u00e1rio de Governo e Rela\u00e7\u00f5es Institucionais, Gilberto Kassab (PSD) tamb\u00e9m participaram.<\/p>\n\n\n\n<p>Tarc\u00edsio cantou o louvor&nbsp;<em>Mil Graus de Un\u00e7\u00e3o<\/em>&nbsp;ao lado de Nunes em cima do trio el\u00e9trico principal.<\/p>\n\n\n\n<p>Nesta quinta, o republicano comemora o seu anivers\u00e1rio e por isso, recebeu felicita\u00e7\u00f5es aos gritos dos fi\u00e9is, por sua vez enrolados nas bandeiras de Israel que est\u00e3o \u00e0 venda por todo o trajeto da Marcha, entre a Pra\u00e7a da Luz, no Centro, e a Pra\u00e7a Her\u00f3is da For\u00e7a Expedicion\u00e1ria Brasileira, na zona Norte da cidade.<\/p>\n\n\n\n<p>O p\u00fablico estimado pela organiza\u00e7\u00e3o do evento \u00e9 de 2 milh\u00f5es de pessoas durante o dia todo.<\/p>\n\n\n\n<p>*Com informa\u00e7\u00f5es AE<\/p>\n","protected":false},"excerpt":{"rendered":"<p>O Advogado-geral da Uni\u00e3o, Jorge Messias, e o ministro do Supremo Tribunal Federal (STF), Andr\u00e9 Mendon\u00e7a, compareceram \u00e0 33\u00aa Marcha para Jesus, que acontece nesta quinta-feira (19), na capital paulista. Al\u00e9m deles, est\u00e3o presentes: governador de S\u00e3o Paulo, Tarc\u00edsio de Freitas (Republicanos); o prefeito da cidade, Ricardo Nunes (MDB); o presidente da Assembleia Legislativa do [&hellip;]<\/p>\n","protected":false},"author":2,"featured_media":22024,"comment_status":"open","ping_status":"open","sticky":false,"template":"","format":"standard","meta":[],"categories":[10],"tags":[],"_links":{"self":[{"href":"https:\/\/dgospel.com.br\/portal\/index.php\/wp-json\/wp\/v2\/posts\/22023"}],"collection":[{"href":"https:\/\/dgospel.com.br\/portal\/index.php\/wp-json\/wp\/v2\/posts"}],"about":[{"href":"https:\/\/dgospel.com.br\/portal\/index.php\/wp-json\/wp\/v2\/types\/post"}],"author":[{"embeddable":true,"href":"https:\/\/dgospel.com.br\/portal\/index.php\/wp-json\/wp\/v2\/users\/2"}],"replies":[{"embeddable":true,"href":"https:\/\/dgospel.com.br\/portal\/index.php\/wp-json\/wp\/v2\/comments?post=22023"}],"version-history":[{"count":1,"href":"https:\/\/dgospel.com.br\/portal\/index.php\/wp-json\/wp\/v2\/posts\/22023\/revisions"}],"predecessor-version":[{"id":22025,"href":"https:\/\/dgospel.com.br\/portal\/index.php\/wp-json\/wp\/v2\/posts\/22023\/revisions\/22025"}],"wp:featuredmedia":[{"embeddable":true,"href":"https:\/\/dgospel.com.br\/portal\/index.php\/wp-json\/wp\/v2\/media\/22024"}],"wp:attachment":[{"href":"https:\/\/dgospel.com.br\/portal\/index.php\/wp-json\/wp\/v2\/media?parent=22023"}],"wp:term":[{"taxonomy":"category","embeddable":true,"href":"https:\/\/dgospel.com.br\/portal\/index.php\/wp-json\/wp\/v2\/categories?post=22023"},{"taxonomy":"post_tag","embeddable":true,"href":"https:\/\/dgospel.com.br\/portal\/index.php\/wp-json\/wp\/v2\/tags?post=22023"}],"curies":[{"name":"wp","href":"https:\/\/api.w.org\/{rel}","templated":true}]}}