{"id":22030,"date":"2025-06-20T10:50:20","date_gmt":"2025-06-20T13:50:20","guid":{"rendered":"https:\/\/dgospel.com.br\/portal\/?p=22030"},"modified":"2025-06-20T10:50:21","modified_gmt":"2025-06-20T13:50:21","slug":"governo-do-tocantins-articula-acoes-integradas-com-setor-produtivo-para-prevenir-incendios-florestais-em-propriedades-rurais","status":"publish","type":"post","link":"https:\/\/dgospel.com.br\/portal\/index.php\/2025\/06\/20\/governo-do-tocantins-articula-acoes-integradas-com-setor-produtivo-para-prevenir-incendios-florestais-em-propriedades-rurais\/","title":{"rendered":"Governo do Tocantins articula a\u00e7\u00f5es integradas com setor produtivo para prevenir inc\u00eandios florestais em propriedades rurais"},"content":{"rendered":"\n<p>O Governo do Tocantins, por meio do Instituto Natureza do Tocantins (Naturatins), da Secretaria de Estado do Meio Ambiente e Recursos H\u00eddricos (Semarh), do Corpo de Bombeiros Militar (CBMTO) e da Defesa Civil Estadual, se reuniu nesta quarta-feira, 18, com representantes do setor produtivo para alinhamento de a\u00e7\u00f5es integradas de preven\u00e7\u00e3o e combate a inc\u00eandios florestais em propriedades rurais.<\/p>\n\n\n\n<p>Durante o encontro, foram apresentadas uma s\u00e9rie de medidas que nortear\u00e3o os pr\u00f3ximos passos no enfrentamento aos inc\u00eandios durante o per\u00edodo de estiagem. Entre as a\u00e7\u00f5es propostas, destaca-se a constru\u00e7\u00e3o conjunta de capacita\u00e7\u00e3o voltada aos produtores rurais, realizada pelos t\u00e9cnicos do Servi\u00e7o Nacional de Aprendizagem Rural (Senar) e a equipe especializada em preven\u00e7\u00e3o e combate da empresa BP Energy.<\/p>\n\n\n\n<p>Al\u00e9m disso, o Naturatins, em conjunto com a Semarh, ir\u00e3o elaborar uma cartilha de orienta\u00e7\u00f5es com as principais pr\u00e1ticas preventivas e procedimentos de combate aos inc\u00eandios. O material ter\u00e1 como objetivo orientar produtores sobre boas pr\u00e1ticas ambientais, especialmente em caso de ocorr\u00eancia de fogo em suas propriedades.<\/p>\n\n\n\n<p>Na ocasi\u00e3o, o presidente do Naturatins, Cledson Lima, refor\u00e7ou que as a\u00e7\u00f5es deste ano priorizam a preven\u00e7\u00e3o, mas tamb\u00e9m incluem medidas firmes de combate e enfrentamento aos inc\u00eandios criminosos. \u201cO Tocantins conta com um plano de combate bem estruturado, elaborado com anteced\u00eancia, que contempla tanto a preven\u00e7\u00e3o quanto o enfrentamento a ocorr\u00eancias criminosas. Temos uma s\u00e9rie de a\u00e7\u00f5es que ser\u00e3o acompanhadas de perto, como evid\u00eancia do compromisso com o combate efetivo aos inc\u00eandios, al\u00e9m da exig\u00eancia de prepara\u00e7\u00e3o adequada, com equipamentos e equipes treinadas para agir com agilidade e efici\u00eancia\u201d, pontuou.&nbsp;<\/p>\n\n\n\n<p>O presidente Naturatins refor\u00e7ou que o momento exige uni\u00e3o e planejamento estrat\u00e9gico. \u201cEssa articula\u00e7\u00e3o foi fundamental para discutirmos e alinharmos nossas a\u00e7\u00f5es. Por determina\u00e7\u00e3o do governador Wanderlei Barbosa, temos em m\u00e3os o maior plano de combate a inc\u00eandios da hist\u00f3ria do Tocantins e, com esse alinhamento entre os setores, temos confian\u00e7a de que alcan\u00e7aremos resultados muito positivos\u201d, ressaltou.<\/p>\n\n\n\n<p>O titular da Semarh, Marcello Lelis, tamb\u00e9m enfatizou o empenho do Governo do Tocantins na constru\u00e7\u00e3o de medidas efetivas para o enfrentamento aos inc\u00eandios florestais. \u201cAtendendo a orienta\u00e7\u00e3o do governador Wanderlei Barbosa, reunimos todos os setores envolvidos, Naturatins, Corpo de Bombeiros e o setor produtivo, para juntos definirmos estrat\u00e9gias eficazes de combate ao fogo. Foi uma reuni\u00e3o extremamente produtiva, que refor\u00e7a nosso compromisso e nos d\u00e1 a confian\u00e7a de que teremos um cen\u00e1rio mais seguro e controlado neste ano\u201d, salientou.&nbsp;<\/p>\n\n\n\n<p>Ao representar o comandante-geral do CBMTO, coronel Peterson Queiroz de Ornelas, o superintendente estadual da Defesa Civil, coronel Andreya de F\u00e1tima Bueno, evidenciou a import\u00e2ncia da uni\u00e3o entre os setores envolvidos. \u201cCom a integra\u00e7\u00e3o e alinhamento, alcan\u00e7aremos resultados muito mais eficientes no combate aos inc\u00eandios\u201d, concluiu.&nbsp;<\/p>\n\n\n\n<p>O presidente da Novilho Precoce Tocantins, Fernando Penteado, por sua vez, destacou a import\u00e2ncia do engajamento do setor produtivo. \u201c\u00c9 fundamental que todos os elos da cadeia participem ativamente da constru\u00e7\u00e3o de estrat\u00e9gias t\u00e9cnicas e cuidadosas, para que possamos prevenir os preju\u00edzos causados pelo fogo\u201d, declarou.\u00a0<\/p>\n\n\n\n<p><img src=\"https:\/\/central.to.gov.br\/image\/430964?w=670&amp;h=414\"><\/p>\n\n\n\n<p>Durante o encontro, foram apresentadas uma s\u00e9rie de medidas que nortear\u00e3o os pr\u00f3ximos passos no enfrentamento aos inc\u00eandios durante o per\u00edodo de estiagem &#8211; Andr\u00e9a Marques\/Governo do Tocantins&nbsp;<\/p>\n","protected":false},"excerpt":{"rendered":"<p>O Governo do Tocantins, por meio do Instituto Natureza do Tocantins (Naturatins), da Secretaria de Estado do Meio Ambiente e Recursos H\u00eddricos (Semarh), do Corpo de Bombeiros Militar (CBMTO) e da Defesa Civil Estadual, se reuniu nesta quarta-feira, 18, com representantes do setor produtivo para alinhamento de a\u00e7\u00f5es integradas de preven\u00e7\u00e3o e combate a inc\u00eandios [&hellip;]<\/p>\n","protected":false},"author":2,"featured_media":22031,"comment_status":"open","ping_status":"open","sticky":false,"template":"","format":"standard","meta":[],"categories":[3],"tags":[13],"_links":{"self":[{"href":"https:\/\/dgospel.com.br\/portal\/index.php\/wp-json\/wp\/v2\/posts\/22030"}],"collection":[{"href":"https:\/\/dgospel.com.br\/portal\/index.php\/wp-json\/wp\/v2\/posts"}],"about":[{"href":"https:\/\/dgospel.com.br\/portal\/index.php\/wp-json\/wp\/v2\/types\/post"}],"author":[{"embeddable":true,"href":"https:\/\/dgospel.com.br\/portal\/index.php\/wp-json\/wp\/v2\/users\/2"}],"replies":[{"embeddable":true,"href":"https:\/\/dgospel.com.br\/portal\/index.php\/wp-json\/wp\/v2\/comments?post=22030"}],"version-history":[{"count":1,"href":"https:\/\/dgospel.com.br\/portal\/index.php\/wp-json\/wp\/v2\/posts\/22030\/revisions"}],"predecessor-version":[{"id":22032,"href":"https:\/\/dgospel.com.br\/portal\/index.php\/wp-json\/wp\/v2\/posts\/22030\/revisions\/22032"}],"wp:featuredmedia":[{"embeddable":true,"href":"https:\/\/dgospel.com.br\/portal\/index.php\/wp-json\/wp\/v2\/media\/22031"}],"wp:attachment":[{"href":"https:\/\/dgospel.com.br\/portal\/index.php\/wp-json\/wp\/v2\/media?parent=22030"}],"wp:term":[{"taxonomy":"category","embeddable":true,"href":"https:\/\/dgospel.com.br\/portal\/index.php\/wp-json\/wp\/v2\/categories?post=22030"},{"taxonomy":"post_tag","embeddable":true,"href":"https:\/\/dgospel.com.br\/portal\/index.php\/wp-json\/wp\/v2\/tags?post=22030"}],"curies":[{"name":"wp","href":"https:\/\/api.w.org\/{rel}","templated":true}]}}