{"id":22036,"date":"2025-06-20T11:10:01","date_gmt":"2025-06-20T14:10:01","guid":{"rendered":"https:\/\/dgospel.com.br\/portal\/?p=22036"},"modified":"2025-06-20T11:10:02","modified_gmt":"2025-06-20T14:10:02","slug":"marcha-para-jesus-2025-reune-mais-de-20-mil-caravanas-de-diferentes-regioes-do-brasil","status":"publish","type":"post","link":"https:\/\/dgospel.com.br\/portal\/index.php\/2025\/06\/20\/marcha-para-jesus-2025-reune-mais-de-20-mil-caravanas-de-diferentes-regioes-do-brasil\/","title":{"rendered":"Marcha para Jesus 2025 re\u00fane mais de 20 mil caravanas de diferentes regi\u00f5es do Brasil"},"content":{"rendered":"\n<p>A Marcha para Jesus ocorrida nesta quinta-feira, 19 de junho em S\u00e3o Paulo, registrou um marco hist\u00f3rico ao reunir mais de 20 mil caravanas vindas de diferentes regi\u00f5es do Brasil \u2014 incluindo Rio de Janeiro, Bahia, Piau\u00ed, Santa Catarina, Minas Gerais, Amazonas, Paran\u00e1, Rond\u00f4nia, Goi\u00e1s, Rio Grande do Norte e Rio Grande do Sul. Este foi o maior n\u00famero de caravanas j\u00e1 contabilizado desde a cria\u00e7\u00e3o do evento, confirmando sua for\u00e7a e relev\u00e2ncia no cen\u00e1rio nacional.<\/p>\n\n\n\n<p>Entre as iniciativas de destaque, a Caravana Solid\u00e1ria ganhou aten\u00e7\u00e3o especial. Criada para conectar pessoas que desejavam participar da Marcha, mas n\u00e3o tinham como chegar at\u00e9 o local, a a\u00e7\u00e3o reuniu uma rede de caravanas cadastradas, que ofereceu suporte log\u00edstico e transporte gratuito. Com isso, milhares de pessoas puderam viver essa experi\u00eancia de f\u00e9, comunh\u00e3o e celebra\u00e7\u00e3o \u2014 muitas delas pela primeira vez. A iniciativa refor\u00e7ou o car\u00e1ter inclusivo e acolhedor do evento.<\/p>\n\n\n\n<p>A Marcha tamb\u00e9m contou com a presen\u00e7a de participantes de diversos pa\u00edses, como Estados Unidos, Argentina, M\u00e9xico, \u00c1frica do Sul e Col\u00f4mbia, evidenciando o alcance global da manifesta\u00e7\u00e3o.<\/p>\n\n\n\n<p>Lideran\u00e7as internacionais deixaram mensagens de f\u00e9 e encorajamento ao p\u00fablico brasileiro. Entre os representantes estavam o Ap\u00f3stolo Esteban Acosta (Col\u00f4mbia), o Ap\u00f3stolo Carlos Quiroa (M\u00e9xico), o Pastor Pablo Quiroa (M\u00e9xico) e o Pastor Larry Huch (Estados Unidos). Suas palavras exaltaram a unidade do corpo de Cristo e motivaram os presentes a perseverarem na miss\u00e3o de proclamar o nome de Jesus.<\/p>\n\n\n\n<figure class=\"wp-block-image\"><img src=\"https:\/\/static.wixstatic.com\/media\/d978d9_23b13a1f07f94f478bbe2cb80b794411~mv2.jpg\/v1\/fill\/w_740,h_493,al_c,q_85,usm_0.66_1.00_0.01,enc_avif,quality_auto\/d978d9_23b13a1f07f94f478bbe2cb80b794411~mv2.jpg\" alt=\"\"\/><\/figure>\n\n\n\n<figure class=\"wp-block-image\"><img src=\"https:\/\/static.wixstatic.com\/media\/d978d9_5b704665171d4b5f87b0fc3a3ae9924b~mv2.jpg\/v1\/fill\/w_740,h_493,al_c,q_85,usm_0.66_1.00_0.01,enc_avif,quality_auto\/d978d9_5b704665171d4b5f87b0fc3a3ae9924b~mv2.jpg\" alt=\"\"\/><\/figure>\n\n\n\n<figure class=\"wp-block-image\"><img src=\"https:\/\/static.wixstatic.com\/media\/d978d9_9324927c7b4e45edadbbeed86b959d83~mv2.jpg\/v1\/fill\/w_740,h_493,al_c,q_85,usm_0.66_1.00_0.01,enc_avif,quality_auto\/d978d9_9324927c7b4e45edadbbeed86b959d83~mv2.jpg\" alt=\"\"\/><\/figure>\n\n\n\n<p id=\"viewer-pqger21006\">\u201cO sentimento verdadeiro de honrar Jesus Cristo \u00e9 o que agrega tantas pessoas. Mesmo depois de tantos anos, o evento continua impactando. Isso mostra o crescimento do evangelho no pa\u00eds. \u00c9 uma grande resposta de ora\u00e7\u00e3o e um resultado de anos de trabalho. A Marcha para Jesus n\u00e3o foi criada para exaltar nenhum homem, \u00e9 a express\u00e3o do mover do Esp\u00edrito Santo e do nosso amor por Jesus&#8221;, declarou o Ap\u00f3stolo Estevam Hernandes sobre o recorde superado.<\/p>\n\n\n\n<p id=\"viewer-fw5ax21025\">Reda\u00e7\u00e3o<\/p>\n","protected":false},"excerpt":{"rendered":"<p>A Marcha para Jesus ocorrida nesta quinta-feira, 19 de junho em S\u00e3o Paulo, registrou um marco hist\u00f3rico ao reunir mais de 20 mil caravanas vindas de diferentes regi\u00f5es do Brasil \u2014 incluindo Rio de Janeiro, Bahia, Piau\u00ed, Santa Catarina, Minas Gerais, Amazonas, Paran\u00e1, Rond\u00f4nia, Goi\u00e1s, Rio Grande do Norte e Rio Grande do Sul. Este [&hellip;]<\/p>\n","protected":false},"author":2,"featured_media":22037,"comment_status":"open","ping_status":"open","sticky":false,"template":"","format":"standard","meta":[],"categories":[10],"tags":[13],"_links":{"self":[{"href":"https:\/\/dgospel.com.br\/portal\/index.php\/wp-json\/wp\/v2\/posts\/22036"}],"collection":[{"href":"https:\/\/dgospel.com.br\/portal\/index.php\/wp-json\/wp\/v2\/posts"}],"about":[{"href":"https:\/\/dgospel.com.br\/portal\/index.php\/wp-json\/wp\/v2\/types\/post"}],"author":[{"embeddable":true,"href":"https:\/\/dgospel.com.br\/portal\/index.php\/wp-json\/wp\/v2\/users\/2"}],"replies":[{"embeddable":true,"href":"https:\/\/dgospel.com.br\/portal\/index.php\/wp-json\/wp\/v2\/comments?post=22036"}],"version-history":[{"count":1,"href":"https:\/\/dgospel.com.br\/portal\/index.php\/wp-json\/wp\/v2\/posts\/22036\/revisions"}],"predecessor-version":[{"id":22038,"href":"https:\/\/dgospel.com.br\/portal\/index.php\/wp-json\/wp\/v2\/posts\/22036\/revisions\/22038"}],"wp:featuredmedia":[{"embeddable":true,"href":"https:\/\/dgospel.com.br\/portal\/index.php\/wp-json\/wp\/v2\/media\/22037"}],"wp:attachment":[{"href":"https:\/\/dgospel.com.br\/portal\/index.php\/wp-json\/wp\/v2\/media?parent=22036"}],"wp:term":[{"taxonomy":"category","embeddable":true,"href":"https:\/\/dgospel.com.br\/portal\/index.php\/wp-json\/wp\/v2\/categories?post=22036"},{"taxonomy":"post_tag","embeddable":true,"href":"https:\/\/dgospel.com.br\/portal\/index.php\/wp-json\/wp\/v2\/tags?post=22036"}],"curies":[{"name":"wp","href":"https:\/\/api.w.org\/{rel}","templated":true}]}}