{"id":22039,"date":"2025-06-24T11:07:04","date_gmt":"2025-06-24T14:07:04","guid":{"rendered":"https:\/\/dgospel.com.br\/portal\/?p=22039"},"modified":"2025-06-24T11:07:05","modified_gmt":"2025-06-24T14:07:05","slug":"queimada-recorde-em-2024-destruiu-30-milhoes-de-hectares","status":"publish","type":"post","link":"https:\/\/dgospel.com.br\/portal\/index.php\/2025\/06\/24\/queimada-recorde-em-2024-destruiu-30-milhoes-de-hectares\/","title":{"rendered":"Queimada recorde em 2024 destruiu 30 milh\u00f5es de hectares"},"content":{"rendered":"\n<p>Pelo menos 30 milh\u00f5es de hectares foram destru\u00eddos pelo fogo no&nbsp;<a href=\"http:\/\/pleno.news\/tag\/brasil\" target=\"_blank\" rel=\"noreferrer noopener\">Brasil<\/a>, em 2024, uma \u00e1rea 62% acima da m\u00e9dia hist\u00f3rica, que \u00e9 de 18,5 milh\u00f5es por ano. O dado est\u00e1 no MapBiomas Fogo, parte da primeira edi\u00e7\u00e3o do Relat\u00f3rio Anual do Fogo (RAF), com n\u00fameros relativos ao per\u00edodo de 1985 a 2024.<\/p>\n\n\n\n<p>O aumento das \u00e1reas queimadas em rela\u00e7\u00e3o \u00e0 m\u00e9dia hist\u00f3rica ocorreu na maioria dos biomas. A\u00a0<a rel=\"noreferrer noopener\" href=\"http:\/\/pleno.news\/tag\/amazonia\" target=\"_blank\">Amaz\u00f4nia<\/a>\u00a0registrou a maior \u00e1rea queimada de toda a s\u00e9rie hist\u00f3rica e foi o bioma que mais queimou no pa\u00eds: foram 15,6 milh\u00f5es de hectares, um valor 117% acima da m\u00e9dia.<\/p>\n\n\n\n<p>No Pantanal, a extens\u00e3o da destrui\u00e7\u00e3o ficou 157% acima da m\u00e9dia e, no Cerrado, 10%. As exce\u00e7\u00f5es ficaram por conta da Caatinga e dos Pampas, onde foram registrados decr\u00e9scimos de 16% e 48%, respectivamente. No caso da Mata Atl\u00e2ntica, o ano de 2024 bateu recorde de destrui\u00e7\u00e3o: a \u00e1rea afetada pelo fogo foi 261% acima da m\u00e9dia hist\u00f3rica.<\/p>\n\n\n\n<p>N\u00e3o por acaso, no ano passado, S\u00e3o Paulo concentrou quatro dos dez munic\u00edpios com maior propor\u00e7\u00e3o de \u00e1rea queimada, todos no entorno do munic\u00edpio de Ribeir\u00e3o Preto, uma regi\u00e3o predominantemente agr\u00edcola. S\u00e3o eles: Barrinha, Dumont, Pontal e Pontes Gestal.<\/p>\n\n\n\n<p>Obtidos a partir do mapeamento das cicatrizes de fogo por imagens de sat\u00e9lite, os dados tra\u00e7am o mais completo retrato da a\u00e7\u00e3o do fogo em todo o territ\u00f3rio nacional e revelam alguns padr\u00f5es. Os inc\u00eandios s\u00e3o concentrados em um per\u00edodo curto do ano, em determinados biomas e, recorrentemente, nos mesmos lugares. O per\u00edodo de agosto a outubro responde por 72% da \u00e1rea queimada no pa\u00eds.<\/p>\n\n\n\n<p><strong>NA S\u00c9RIE HIST\u00d3RICA<br><\/strong>O Cerrado e a Amaz\u00f4nia s\u00e3o os biomas com maior ocorr\u00eancia de queimadas nos \u00faltimos 40 anos, o equivalente a 86% da \u00e1rea incendiada pelo menos uma vez. De forma geral, 64% da \u00e1rea afetada queimou mais de uma vez entre 1985 e 2024.<\/p>\n\n\n\n<p>\u2013 Essa primeira edi\u00e7\u00e3o do RAF \u00e9 uma ferramenta fundamental para apoiar pol\u00edticas p\u00fablicas e a\u00e7\u00f5es de gest\u00e3o territorial do fogo \u2013 diz a coordenadora do MapBiomas Fogo, Ane Alencar.<\/p>\n\n\n\n<p>Ao longo dos \u00faltimos 40 anos, 69,5% das queimadas no Brasil ocorreram em \u00e1reas de vegeta\u00e7\u00e3o nativa, em um total de 514 milh\u00f5es de hectares. No ano passado essa porcentagem foi ainda mais alta: 72%. Foram registradas mudan\u00e7as na vegeta\u00e7\u00e3o nativa mais afetada.<\/p>\n\n\n\n<p>Historicamente, a maior \u00e1rea de vegeta\u00e7\u00e3o nativa queimada era de savana, com m\u00e9dia anual de 6,3 milh\u00f5es de hectares. Em 2024, no entanto, predominaram os inc\u00eandios em \u00e1reas de floresta, com 7,7 milh\u00f5es de hectares \u2013 uma extens\u00e3o 287% superior \u00e0 m\u00e9dia.<\/p>\n\n\n\n<p>Os biomas com maior propor\u00e7\u00e3o de vegeta\u00e7\u00e3o nativa afetada pelo fogo entre 1985 e 2024 foram Caatinga, Cerrado, Pampa e Pantanal, todos com mais de 80% da extens\u00e3o afetada. Em Amaz\u00f4nia e Mata Atl\u00e2ntica, o fogo ocorreu principalmente em \u00e1reas antr\u00f3picas (mais de 55%). No caso de Amaz\u00f4nia, pastagens respondem por 53,2% da \u00e1rea queimada no per\u00edodo; na Mata Atl\u00e2ntica, 28,9% era pastagem e 11,4%, agricultura.<\/p>\n\n\n\n<p>*AE<\/p>\n","protected":false},"excerpt":{"rendered":"<p>Pelo menos 30 milh\u00f5es de hectares foram destru\u00eddos pelo fogo no&nbsp;Brasil, em 2024, uma \u00e1rea 62% acima da m\u00e9dia hist\u00f3rica, que \u00e9 de 18,5 milh\u00f5es por ano. O dado est\u00e1 no MapBiomas Fogo, parte da primeira edi\u00e7\u00e3o do Relat\u00f3rio Anual do Fogo (RAF), com n\u00fameros relativos ao per\u00edodo de 1985 a 2024. O aumento das [&hellip;]<\/p>\n","protected":false},"author":2,"featured_media":22040,"comment_status":"open","ping_status":"open","sticky":false,"template":"","format":"standard","meta":[],"categories":[10],"tags":[13],"_links":{"self":[{"href":"https:\/\/dgospel.com.br\/portal\/index.php\/wp-json\/wp\/v2\/posts\/22039"}],"collection":[{"href":"https:\/\/dgospel.com.br\/portal\/index.php\/wp-json\/wp\/v2\/posts"}],"about":[{"href":"https:\/\/dgospel.com.br\/portal\/index.php\/wp-json\/wp\/v2\/types\/post"}],"author":[{"embeddable":true,"href":"https:\/\/dgospel.com.br\/portal\/index.php\/wp-json\/wp\/v2\/users\/2"}],"replies":[{"embeddable":true,"href":"https:\/\/dgospel.com.br\/portal\/index.php\/wp-json\/wp\/v2\/comments?post=22039"}],"version-history":[{"count":1,"href":"https:\/\/dgospel.com.br\/portal\/index.php\/wp-json\/wp\/v2\/posts\/22039\/revisions"}],"predecessor-version":[{"id":22041,"href":"https:\/\/dgospel.com.br\/portal\/index.php\/wp-json\/wp\/v2\/posts\/22039\/revisions\/22041"}],"wp:featuredmedia":[{"embeddable":true,"href":"https:\/\/dgospel.com.br\/portal\/index.php\/wp-json\/wp\/v2\/media\/22040"}],"wp:attachment":[{"href":"https:\/\/dgospel.com.br\/portal\/index.php\/wp-json\/wp\/v2\/media?parent=22039"}],"wp:term":[{"taxonomy":"category","embeddable":true,"href":"https:\/\/dgospel.com.br\/portal\/index.php\/wp-json\/wp\/v2\/categories?post=22039"},{"taxonomy":"post_tag","embeddable":true,"href":"https:\/\/dgospel.com.br\/portal\/index.php\/wp-json\/wp\/v2\/tags?post=22039"}],"curies":[{"name":"wp","href":"https:\/\/api.w.org\/{rel}","templated":true}]}}