{"id":22042,"date":"2025-06-24T11:10:50","date_gmt":"2025-06-24T14:10:50","guid":{"rendered":"https:\/\/dgospel.com.br\/portal\/?p=22042"},"modified":"2025-06-24T11:10:51","modified_gmt":"2025-06-24T14:10:51","slug":"gastos-com-viagens-no-governo-lula-chegam-a-r-6047-milhoes-em-2025-valor-nao-inclui-uso-de-jatinhos-da-fab","status":"publish","type":"post","link":"https:\/\/dgospel.com.br\/portal\/index.php\/2025\/06\/24\/gastos-com-viagens-no-governo-lula-chegam-a-r-6047-milhoes-em-2025-valor-nao-inclui-uso-de-jatinhos-da-fab\/","title":{"rendered":"Gastos com viagens no governo Lula chegam a R$ 604,7 milh\u00f5es em 2025; valor n\u00e3o inclui uso de jatinhos da FAB"},"content":{"rendered":"\n<p>Em meio a cr\u00edticas por excesso de deslocamentos oficiais, o Portal da Transpar\u00eancia atualizou os dados sobre os gastos com viagens do governo federal em 2025. At\u00e9 13 de junho, o montante j\u00e1 atinge R$ 604,7 milh\u00f5es \u2014 valor que n\u00e3o contempla os custos com aeronaves da For\u00e7a A\u00e9rea Brasileira (FAB), utilizadas por autoridades como o presidente Luiz In\u00e1cio Lula da Silva (PT), a primeira-dama Janja e integrantes dos demais Poderes.<\/p>\n\n\n\n<p>Segundo os dados divulgados, R$ 368,6 milh\u00f5es foram desembolsados com di\u00e1rias pagas a servidores p\u00fablicos, enquanto R$ 232,7 milh\u00f5es correspondem a passagens a\u00e9reas. Apenas com viagens internacionais, os gastos j\u00e1 somam quase R$ 92 milh\u00f5es no ano.<\/p>\n\n\n\n<p>Os n\u00fameros refor\u00e7am o perfil viajante da atual gest\u00e3o. Lula j\u00e1 havia quebrado o recorde hist\u00f3rico de gastos com viagens nos dois primeiros anos do mandato: R$ 2,28 bilh\u00f5es em 2023 e R$ 2,36 bilh\u00f5es em 2024 \u2014 maior valor registrado desde o in\u00edcio da s\u00e9rie hist\u00f3rica do portal.<\/p>\n\n\n\n<p>Embora as viagens sejam justificadas como parte da \u2018estrat\u00e9gia de reposicionar o Brasil no cen\u00e1rio internacional e retomar o protagonismo diplom\u00e1tico\u2019, os valores elevados t\u00eam gerado cr\u00edticas, especialmente em um contexto de restri\u00e7\u00e3o or\u00e7ament\u00e1ria e cobran\u00e7as por austeridade fiscal.<\/p>\n\n\n\n<p>Parlamentares da oposi\u00e7\u00e3o apontam que, na era das reuni\u00f5es virtuais e videoconfer\u00eancias, os gastos com deslocamentos f\u00edsicos poderiam ser significativamente reduzidos. O governo ainda n\u00e3o se manifestou sobre os n\u00fameros atualizados.<\/p>\n","protected":false},"excerpt":{"rendered":"<p>Em meio a cr\u00edticas por excesso de deslocamentos oficiais, o Portal da Transpar\u00eancia atualizou os dados sobre os gastos com viagens do governo federal em 2025. At\u00e9 13 de junho, o montante j\u00e1 atinge R$ 604,7 milh\u00f5es \u2014 valor que n\u00e3o contempla os custos com aeronaves da For\u00e7a A\u00e9rea Brasileira (FAB), utilizadas por autoridades como [&hellip;]<\/p>\n","protected":false},"author":2,"featured_media":22043,"comment_status":"open","ping_status":"open","sticky":false,"template":"","format":"standard","meta":[],"categories":[4],"tags":[13],"_links":{"self":[{"href":"https:\/\/dgospel.com.br\/portal\/index.php\/wp-json\/wp\/v2\/posts\/22042"}],"collection":[{"href":"https:\/\/dgospel.com.br\/portal\/index.php\/wp-json\/wp\/v2\/posts"}],"about":[{"href":"https:\/\/dgospel.com.br\/portal\/index.php\/wp-json\/wp\/v2\/types\/post"}],"author":[{"embeddable":true,"href":"https:\/\/dgospel.com.br\/portal\/index.php\/wp-json\/wp\/v2\/users\/2"}],"replies":[{"embeddable":true,"href":"https:\/\/dgospel.com.br\/portal\/index.php\/wp-json\/wp\/v2\/comments?post=22042"}],"version-history":[{"count":1,"href":"https:\/\/dgospel.com.br\/portal\/index.php\/wp-json\/wp\/v2\/posts\/22042\/revisions"}],"predecessor-version":[{"id":22044,"href":"https:\/\/dgospel.com.br\/portal\/index.php\/wp-json\/wp\/v2\/posts\/22042\/revisions\/22044"}],"wp:featuredmedia":[{"embeddable":true,"href":"https:\/\/dgospel.com.br\/portal\/index.php\/wp-json\/wp\/v2\/media\/22043"}],"wp:attachment":[{"href":"https:\/\/dgospel.com.br\/portal\/index.php\/wp-json\/wp\/v2\/media?parent=22042"}],"wp:term":[{"taxonomy":"category","embeddable":true,"href":"https:\/\/dgospel.com.br\/portal\/index.php\/wp-json\/wp\/v2\/categories?post=22042"},{"taxonomy":"post_tag","embeddable":true,"href":"https:\/\/dgospel.com.br\/portal\/index.php\/wp-json\/wp\/v2\/tags?post=22042"}],"curies":[{"name":"wp","href":"https:\/\/api.w.org\/{rel}","templated":true}]}}