{"id":22048,"date":"2025-06-24T17:01:16","date_gmt":"2025-06-24T20:01:16","guid":{"rendered":"https:\/\/dgospel.com.br\/portal\/?p=22048"},"modified":"2025-06-24T17:08:10","modified_gmt":"2025-06-24T20:08:10","slug":"prazo-acaba-e-lula-nao-sanciona-lei-do-dia-da-amizade-com-israel","status":"publish","type":"post","link":"https:\/\/dgospel.com.br\/portal\/index.php\/2025\/06\/24\/prazo-acaba-e-lula-nao-sanciona-lei-do-dia-da-amizade-com-israel\/","title":{"rendered":"Prazo acaba, e Lula n\u00e3o sanciona lei do Dia da Amizade com Israel"},"content":{"rendered":"\n<p>O presidente&nbsp;<a href=\"http:\/\/pleno.news\/tag\/lula\" target=\"_blank\" rel=\"noreferrer noopener\">Luiz In\u00e1cio Lula da Silva<\/a>&nbsp;(PT) n\u00e3o se manifestou dentro do prazo constitucional e deixou para o presidente do Senado, Davi Alcolumbre (Uni\u00e3o Brasil-AP) promulgar a lei que define o Dia da Amizade entre Brasil e Israel. A proposta foi aprovada no Congresso no dia 29 maio deste ano e tinha 15 dias \u00fateis para ser sancionada pelo petista.<\/p>\n\n\n\n<p>Nesta segunda-feira (23), um of\u00edcio assinado pelo ministro da Casa Civil, Rui Costa, foi enviado ao Senado. No documento, o ministro reencaminha ao Legislativo a assinatura da lei. Como o presidente n\u00e3o se manifestou sobre a san\u00e7\u00e3o da lei, a proposta segue automaticamente para ser promulgada por Alcolumbre. A pr\u00e1tica \u00e9 prevista na Constitui\u00e7\u00e3o e \u00e9 chamada de san\u00e7\u00e3o t\u00e1cita.<\/p>\n\n\n\n<p>\u2013 Decorrido o prazo de 15 dias, o sil\u00eancio do presidente da Rep\u00fablica importar\u00e1 san\u00e7\u00e3o \u2013 segundo o texto.<\/p>\n\n\n\n<p>O projeto de lei estabelece o dia 29 de novembro como a data de celebra\u00e7\u00e3o da amizade entre as duas na\u00e7\u00f5es. A escolha remete \u00e0 mesma data, em 1947, quando a Organiza\u00e7\u00e3o das Na\u00e7\u00f5es Unidas (ONU) aprovou a cria\u00e7\u00e3o do Estado de Israel, com destaque para a atua\u00e7\u00e3o do embaixador brasileiro Oswaldo Aranha, ent\u00e3o presidente da Assembleia Geral.<\/p>\n\n\n\n<p>Segundo o autor do projeto, o senador Marcelo Crivella (PRB-RJ), o objetivo da proposta \u00e9 formalizar as comemora\u00e7\u00f5es da data e incentivar as rela\u00e7\u00f5es de coopera\u00e7\u00e3o pol\u00edtica, econ\u00f4mica e cultural entre os dois pa\u00edses, \u201cem prol de maior solidariedade e integra\u00e7\u00e3o\u201d.<\/p>\n\n\n\n<p><strong>GOVERNO LULA E ISRAEL<br><\/strong>Em paralelo \u00e0 promulga\u00e7\u00e3o da lei, o governo Lula passa por um per\u00edodo de tens\u00f5es diplom\u00e1ticas com os israelenses. O presidente recebeu cr\u00edticas por suas declara\u00e7\u00f5es contrarias \u00e0 gest\u00e3o do primeiro-ministro Benjamin Netanyahu pelos rumos tomados na guerra entre Israel e Hamas.<\/p>\n\n\n\n<p>Lula \u00e9 considerado persona non grata em Israel em raz\u00e3o de uma declara\u00e7\u00e3o feita em fevereiro de 2024, durante viagem \u00e0 Eti\u00f3pia, na qual classificou as a\u00e7\u00f5es de Israel no territ\u00f3rio palestino como genoc\u00eddio compar\u00e1vel ao Holocausto produzido pela Alemanha nazista.<\/p>\n\n\n\n<p>\u2013 O que est\u00e1 acontecendo na Faixa Gaza n\u00e3o existe em nenhum outro momento hist\u00f3rico, ali\u00e1s, existiu quando Hitler resolveu matar os judeus \u2013 disse o petista, na ocasi\u00e3o.<\/p>\n\n\n\n<p>A declara\u00e7\u00e3o de um chefe de Estado como persona non grata \u00e9 uma medida excepcional nas rela\u00e7\u00f5es diplom\u00e1ticas e indica um alto grau de reprova\u00e7\u00e3o do pa\u00eds autor da medida. O ministro das Rela\u00e7\u00f5es Exteriores de Israel, Israel Katz, classificou a declara\u00e7\u00e3o de Lula como um ataque antissemita por, segundo ele, comparar as \u201ca\u00e7\u00f5es de Hitler que mataram 6 milh\u00f5es de judeus\u201d com a \u201cguerra justa na Faixa de Gaza\u201d.<\/p>\n\n\n\n<p>Al\u00e9m disso, em junho deste ano, ao lado do presidente franc\u00eas Emmanuel Macron em Paris, Lula acusou Israel de cometer \u201cgenoc\u00eddio premeditado\u201d na Faixa de Gaza. Israel disse que cr\u00edticas como as de Lula s\u00e3o antissemitas e instigam o \u00f3dio contra a comunidade judaica.<\/p>\n\n\n\n<p>*AE<\/p>\n","protected":false},"excerpt":{"rendered":"<p>O presidente&nbsp;Luiz In\u00e1cio Lula da Silva&nbsp;(PT) n\u00e3o se manifestou dentro do prazo constitucional e deixou para o presidente do Senado, Davi Alcolumbre (Uni\u00e3o Brasil-AP) promulgar a lei que define o Dia da Amizade entre Brasil e Israel. A proposta foi aprovada no Congresso no dia 29 maio deste ano e tinha 15 dias \u00fateis para [&hellip;]<\/p>\n","protected":false},"author":2,"featured_media":21942,"comment_status":"open","ping_status":"open","sticky":false,"template":"","format":"standard","meta":[],"categories":[12,10],"tags":[],"_links":{"self":[{"href":"https:\/\/dgospel.com.br\/portal\/index.php\/wp-json\/wp\/v2\/posts\/22048"}],"collection":[{"href":"https:\/\/dgospel.com.br\/portal\/index.php\/wp-json\/wp\/v2\/posts"}],"about":[{"href":"https:\/\/dgospel.com.br\/portal\/index.php\/wp-json\/wp\/v2\/types\/post"}],"author":[{"embeddable":true,"href":"https:\/\/dgospel.com.br\/portal\/index.php\/wp-json\/wp\/v2\/users\/2"}],"replies":[{"embeddable":true,"href":"https:\/\/dgospel.com.br\/portal\/index.php\/wp-json\/wp\/v2\/comments?post=22048"}],"version-history":[{"count":1,"href":"https:\/\/dgospel.com.br\/portal\/index.php\/wp-json\/wp\/v2\/posts\/22048\/revisions"}],"predecessor-version":[{"id":22049,"href":"https:\/\/dgospel.com.br\/portal\/index.php\/wp-json\/wp\/v2\/posts\/22048\/revisions\/22049"}],"wp:featuredmedia":[{"embeddable":true,"href":"https:\/\/dgospel.com.br\/portal\/index.php\/wp-json\/wp\/v2\/media\/21942"}],"wp:attachment":[{"href":"https:\/\/dgospel.com.br\/portal\/index.php\/wp-json\/wp\/v2\/media?parent=22048"}],"wp:term":[{"taxonomy":"category","embeddable":true,"href":"https:\/\/dgospel.com.br\/portal\/index.php\/wp-json\/wp\/v2\/categories?post=22048"},{"taxonomy":"post_tag","embeddable":true,"href":"https:\/\/dgospel.com.br\/portal\/index.php\/wp-json\/wp\/v2\/tags?post=22048"}],"curies":[{"name":"wp","href":"https:\/\/api.w.org\/{rel}","templated":true}]}}