{"id":2205,"date":"2019-01-04T10:28:00","date_gmt":"2019-01-04T12:28:00","guid":{"rendered":"http:\/\/dgospel.com.br\/portal\/?p=2205"},"modified":"2019-01-04T10:28:00","modified_gmt":"2019-01-04T12:28:00","slug":"bolsonaro-defende-aposentadoria-aos-62-anos-para-homens-e-57-para-mulheres","status":"publish","type":"post","link":"https:\/\/dgospel.com.br\/portal\/index.php\/2019\/01\/04\/bolsonaro-defende-aposentadoria-aos-62-anos-para-homens-e-57-para-mulheres\/","title":{"rendered":"Bolsonaro defende aposentadoria aos 62 anos para homens e 57 para mulheres"},"content":{"rendered":"<p>O presidente Jair Bolsonaro afirmou nesta quinta-feira, 3, em entrevista ao SBT, que pretende aproveitar parte do texto da reforma da Previd\u00eancia do antigo governo, que j\u00e1 est\u00e1 pronta para vota\u00e7\u00e3o na C\u00e2mara. Segundo ele, no entanto, a atual gest\u00e3o vai \u201crever alguma coisa\u201d. Ele ressaltou que quer construir um texto vi\u00e1vel e destacou que pretende aprovar uma idade m\u00ednima (para aposentadorias) de 62 anos para homens e 57 anos para mulheres, com um per\u00edodo de transi\u00e7\u00e3o.<\/p>\n<p>\u201cO que pretendemos fazer \u00e9 botar num plano da reforma da Previd\u00eancia um corte at\u00e9 o fim de 2022. A\u00ed seria aumentar para 62 (anos) para homens e 57 (anos) para mulheres. Mas n\u00e3o de uma vez s\u00f3. Um ano a partir da promulga\u00e7\u00e3o e outro a partir de 2022\u201d, disse.<\/p>\n<p>Ele afirmou que caberia ao futuro presidente reavaliar a situa\u00e7\u00e3o e analisar um poss\u00edvel novo aumento da idade m\u00ednima.<\/p>\n<p>Bolsonaro afirmou ainda que, como h\u00e1 diferen\u00e7as na expectativa de vida da popula\u00e7\u00e3o, a ideia \u00e9 que haja diferencia\u00e7\u00e3o de idade para diferentes profiss\u00f5es. \u201cSessenta e cinco anos fica um pouco forte para algumas profiss\u00f5es. Tem que levar em conta isso da\u00ed. Haver\u00e1 diferen\u00e7a para facilitar aprova\u00e7\u00e3o e para n\u00e3o fazer injusti\u00e7a\u201d, disse.<\/p>\n<p>A reforma j\u00e1 aprovada em comiss\u00e3o especial e que est\u00e1 no Congresso estipulou como idade m\u00ednima 65 anos (homens) e 63 anos (mulheres), mas depois de uma transi\u00e7\u00e3o de 20 anos.<\/p>\n<p><strong>Fonte: Isto \u00c9 \/ com informa\u00e7\u00f5es Estad\u00e3o Conte\u00fado<\/strong><\/p>\n","protected":false},"excerpt":{"rendered":"<p>O presidente Jair Bolsonaro afirmou nesta quinta-feira, 3, em entrevista ao SBT, que pretende aproveitar parte do texto da reforma da Previd\u00eancia do antigo governo, que j\u00e1 est\u00e1 pronta para vota\u00e7\u00e3o na C\u00e2mara. Segundo ele, no entanto, a atual gest\u00e3o vai \u201crever alguma coisa\u201d. Ele ressaltou que quer construir um texto vi\u00e1vel e destacou que [&hellip;]<\/p>\n","protected":false},"author":2,"featured_media":2206,"comment_status":"open","ping_status":"open","sticky":false,"template":"","format":"standard","meta":[],"categories":[2,6,4],"tags":[],"_links":{"self":[{"href":"https:\/\/dgospel.com.br\/portal\/index.php\/wp-json\/wp\/v2\/posts\/2205"}],"collection":[{"href":"https:\/\/dgospel.com.br\/portal\/index.php\/wp-json\/wp\/v2\/posts"}],"about":[{"href":"https:\/\/dgospel.com.br\/portal\/index.php\/wp-json\/wp\/v2\/types\/post"}],"author":[{"embeddable":true,"href":"https:\/\/dgospel.com.br\/portal\/index.php\/wp-json\/wp\/v2\/users\/2"}],"replies":[{"embeddable":true,"href":"https:\/\/dgospel.com.br\/portal\/index.php\/wp-json\/wp\/v2\/comments?post=2205"}],"version-history":[{"count":1,"href":"https:\/\/dgospel.com.br\/portal\/index.php\/wp-json\/wp\/v2\/posts\/2205\/revisions"}],"predecessor-version":[{"id":2207,"href":"https:\/\/dgospel.com.br\/portal\/index.php\/wp-json\/wp\/v2\/posts\/2205\/revisions\/2207"}],"wp:featuredmedia":[{"embeddable":true,"href":"https:\/\/dgospel.com.br\/portal\/index.php\/wp-json\/wp\/v2\/media\/2206"}],"wp:attachment":[{"href":"https:\/\/dgospel.com.br\/portal\/index.php\/wp-json\/wp\/v2\/media?parent=2205"}],"wp:term":[{"taxonomy":"category","embeddable":true,"href":"https:\/\/dgospel.com.br\/portal\/index.php\/wp-json\/wp\/v2\/categories?post=2205"},{"taxonomy":"post_tag","embeddable":true,"href":"https:\/\/dgospel.com.br\/portal\/index.php\/wp-json\/wp\/v2\/tags?post=2205"}],"curies":[{"name":"wp","href":"https:\/\/api.w.org\/{rel}","templated":true}]}}