{"id":22050,"date":"2025-06-25T18:21:49","date_gmt":"2025-06-25T21:21:49","guid":{"rendered":"https:\/\/dgospel.com.br\/portal\/?p=22050"},"modified":"2025-06-25T18:21:50","modified_gmt":"2025-06-25T21:21:50","slug":"leo-barbosa-propoe-medidas-integradas-para-garantir-seguranca-e-bem-estar-na-temporada-de-praias-2025","status":"publish","type":"post","link":"https:\/\/dgospel.com.br\/portal\/index.php\/2025\/06\/25\/leo-barbosa-propoe-medidas-integradas-para-garantir-seguranca-e-bem-estar-na-temporada-de-praias-2025\/","title":{"rendered":"L\u00e9o Barbosa prop\u00f5e medidas integradas para garantir seguran\u00e7a e bem-estar na Temporada de Praias 2025"},"content":{"rendered":"\n<p>O deputado estadual L\u00e9o Barbosa (Republicanos) apresentou, nesta quarta-feira, 25, um requerimento ao Governo do Tocantins solicitando a ado\u00e7\u00e3o de medidas integradas voltadas \u00e0 seguran\u00e7a, sa\u00fade, acessibilidade e bem-estar da popula\u00e7\u00e3o durante a Temporada de Praias de 2025.&nbsp;<\/p>\n\n\n\n<p>Na justificativa, o parlamentar destaca que a temporada de praia no estado atrai milhares de moradores e turistas, impactando positivamente o turismo e a economia. No entanto, tamb\u00e9m amplia os desafios relacionados \u00e0 seguran\u00e7a p\u00fablica, sa\u00fade, mobilidade e prote\u00e7\u00e3o ambiental, exigindo a\u00e7\u00f5es coordenadas por parte do Poder Executivo.<\/p>\n\n\n\n<p>Entre as medidas propostas est\u00e3o a distribui\u00e7\u00e3o de pulseiras de identifica\u00e7\u00e3o infantil, campanhas de preven\u00e7\u00e3o a afogamentos, blitz educativas no tr\u00e2nsito, instala\u00e7\u00e3o de postos m\u00e9dicos tempor\u00e1rios, refor\u00e7o no policiamento e a\u00e7\u00f5es de educa\u00e7\u00e3o ambiental. O deputado tamb\u00e9m solicita a garantia de acessibilidade nas praias, com passarelas, cadeiras anf\u00edbias e banheiros adaptados.<\/p>\n\n\n\n<p>\u201cEssas a\u00e7\u00f5es visam n\u00e3o apenas promover o lazer dos frequentadores, mas tamb\u00e9m assegurar a preserva\u00e7\u00e3o da vida, da ordem p\u00fablica, da sa\u00fade e do meio ambiente. Planejamento e estrutura s\u00e3o essenciais para oferecer uma temporada segura, inclusiva e bem organizada para todos\u201d, refor\u00e7ou L\u00e9o.<\/p>\n","protected":false},"excerpt":{"rendered":"<p>O deputado estadual L\u00e9o Barbosa (Republicanos) apresentou, nesta quarta-feira, 25, um requerimento ao Governo do Tocantins solicitando a ado\u00e7\u00e3o de medidas integradas voltadas \u00e0 seguran\u00e7a, sa\u00fade, acessibilidade e bem-estar da popula\u00e7\u00e3o durante a Temporada de Praias de 2025.&nbsp; Na justificativa, o parlamentar destaca que a temporada de praia no estado atrai milhares de moradores e [&hellip;]<\/p>\n","protected":false},"author":2,"featured_media":22051,"comment_status":"open","ping_status":"open","sticky":false,"template":"","format":"standard","meta":[],"categories":[8],"tags":[],"_links":{"self":[{"href":"https:\/\/dgospel.com.br\/portal\/index.php\/wp-json\/wp\/v2\/posts\/22050"}],"collection":[{"href":"https:\/\/dgospel.com.br\/portal\/index.php\/wp-json\/wp\/v2\/posts"}],"about":[{"href":"https:\/\/dgospel.com.br\/portal\/index.php\/wp-json\/wp\/v2\/types\/post"}],"author":[{"embeddable":true,"href":"https:\/\/dgospel.com.br\/portal\/index.php\/wp-json\/wp\/v2\/users\/2"}],"replies":[{"embeddable":true,"href":"https:\/\/dgospel.com.br\/portal\/index.php\/wp-json\/wp\/v2\/comments?post=22050"}],"version-history":[{"count":1,"href":"https:\/\/dgospel.com.br\/portal\/index.php\/wp-json\/wp\/v2\/posts\/22050\/revisions"}],"predecessor-version":[{"id":22052,"href":"https:\/\/dgospel.com.br\/portal\/index.php\/wp-json\/wp\/v2\/posts\/22050\/revisions\/22052"}],"wp:featuredmedia":[{"embeddable":true,"href":"https:\/\/dgospel.com.br\/portal\/index.php\/wp-json\/wp\/v2\/media\/22051"}],"wp:attachment":[{"href":"https:\/\/dgospel.com.br\/portal\/index.php\/wp-json\/wp\/v2\/media?parent=22050"}],"wp:term":[{"taxonomy":"category","embeddable":true,"href":"https:\/\/dgospel.com.br\/portal\/index.php\/wp-json\/wp\/v2\/categories?post=22050"},{"taxonomy":"post_tag","embeddable":true,"href":"https:\/\/dgospel.com.br\/portal\/index.php\/wp-json\/wp\/v2\/tags?post=22050"}],"curies":[{"name":"wp","href":"https:\/\/api.w.org\/{rel}","templated":true}]}}