{"id":22053,"date":"2025-06-26T10:11:14","date_gmt":"2025-06-26T13:11:14","guid":{"rendered":"https:\/\/dgospel.com.br\/portal\/?p=22053"},"modified":"2025-06-26T10:11:15","modified_gmt":"2025-06-26T13:11:15","slug":"lideres-evangelicos-convocam-fieis-para-ato-na-avenida-paulista","status":"publish","type":"post","link":"https:\/\/dgospel.com.br\/portal\/index.php\/2025\/06\/26\/lideres-evangelicos-convocam-fieis-para-ato-na-avenida-paulista\/","title":{"rendered":"L\u00edderes evang\u00e9licos convocam fi\u00e9is para ato na Avenida Paulista"},"content":{"rendered":"\n<p>L\u00edderes evang\u00e9licos de diversas denomina\u00e7\u00f5es se uniram em um v\u00eddeo convocando a popula\u00e7\u00e3o para um ato que acontece neste domingo (29), na Avenida Paulista, a partir das 14h, pedindo justi\u00e7a em prol dos presos do 8 de janeiro.<\/p>\n\n\n\n<p>\u2013 Como povo de Deus, n\u00f3s sempre oramos pelo Brasil e vamos continuar orando. Agora, ora\u00e7\u00e3o sem a\u00e7\u00e3o, qual \u00e9 o valor? Eu quero convocar todos voc\u00eas para, neste domingo pr\u00f3ximo, \u00e0s 14h, na Avenida Paulista, n\u00f3s tomarmos uma atitude diante de tanta injusti\u00e7a, de ver patriotas inocentes serem condenados \u2013 disse Silas Malafaia.<\/p>\n\n\n\n<p>Outros l\u00edderes evang\u00e9licos participaram do v\u00eddeo pedindo justi\u00e7a aos condenados pelos atos do 8 de janeiro, entre eles os ap\u00f3stolos Estevam Hernandes, da Igreja Renascer; C\u00e9sar Augusto, da Igreja Fonte da Vida; Ezequiel Teixeira, do Projeto Vida Nova; e Ren\u00ea Terra Nova, do Minist\u00e9rio Internacional da Restaura\u00e7\u00e3o.<\/p>\n\n\n\n<p>Tamb\u00e9m participaram do v\u00eddeo o bispo Robson Rodovalho, da Igreja Sara Nossa Terra; bispo Abner Ferreira, da Assembleia de Deus Madureira; e os pastores Samuel C\u00e2mara, da Assembleia de Deus em Bel\u00e9m (PA); T\u00e9o Hayashi, da Zion Church; e Jorge Linhares, da Igreja Batista Gets\u00eamani.<\/p>\n\n\n\n<p>\u2013 N\u00e3o podemos aceitar tantos inocentes condenados e com penas t\u00e3o desproporcionais no Brasil \u2013 declarou Rodovalho.<\/p>\n\n\n\n<p><strong>Assista:<\/strong><\/p>\n\n\n\n<blockquote class=\"wp-block-quote\"><p>&nbsp;Ver essa foto no Instagram<\/p><p>&nbsp;<\/p><p><a href=\"https:\/\/www.instagram.com\/reel\/DLSay09sHQ_\/?utm_source=ig_embed&amp;utm_campaign=loading\" target=\"_blank\" rel=\"noreferrer noopener\">Uma publica\u00e7\u00e3o compartilhada por Pastor Silas Malafaia (@silasmalafaia)<\/a><\/p><\/blockquote>\n","protected":false},"excerpt":{"rendered":"<p>L\u00edderes evang\u00e9licos de diversas denomina\u00e7\u00f5es se uniram em um v\u00eddeo convocando a popula\u00e7\u00e3o para um ato que acontece neste domingo (29), na Avenida Paulista, a partir das 14h, pedindo justi\u00e7a em prol dos presos do 8 de janeiro. \u2013 Como povo de Deus, n\u00f3s sempre oramos pelo Brasil e vamos continuar orando. Agora, ora\u00e7\u00e3o sem [&hellip;]<\/p>\n","protected":false},"author":2,"featured_media":22054,"comment_status":"open","ping_status":"open","sticky":false,"template":"","format":"standard","meta":[],"categories":[4],"tags":[13],"_links":{"self":[{"href":"https:\/\/dgospel.com.br\/portal\/index.php\/wp-json\/wp\/v2\/posts\/22053"}],"collection":[{"href":"https:\/\/dgospel.com.br\/portal\/index.php\/wp-json\/wp\/v2\/posts"}],"about":[{"href":"https:\/\/dgospel.com.br\/portal\/index.php\/wp-json\/wp\/v2\/types\/post"}],"author":[{"embeddable":true,"href":"https:\/\/dgospel.com.br\/portal\/index.php\/wp-json\/wp\/v2\/users\/2"}],"replies":[{"embeddable":true,"href":"https:\/\/dgospel.com.br\/portal\/index.php\/wp-json\/wp\/v2\/comments?post=22053"}],"version-history":[{"count":1,"href":"https:\/\/dgospel.com.br\/portal\/index.php\/wp-json\/wp\/v2\/posts\/22053\/revisions"}],"predecessor-version":[{"id":22055,"href":"https:\/\/dgospel.com.br\/portal\/index.php\/wp-json\/wp\/v2\/posts\/22053\/revisions\/22055"}],"wp:featuredmedia":[{"embeddable":true,"href":"https:\/\/dgospel.com.br\/portal\/index.php\/wp-json\/wp\/v2\/media\/22054"}],"wp:attachment":[{"href":"https:\/\/dgospel.com.br\/portal\/index.php\/wp-json\/wp\/v2\/media?parent=22053"}],"wp:term":[{"taxonomy":"category","embeddable":true,"href":"https:\/\/dgospel.com.br\/portal\/index.php\/wp-json\/wp\/v2\/categories?post=22053"},{"taxonomy":"post_tag","embeddable":true,"href":"https:\/\/dgospel.com.br\/portal\/index.php\/wp-json\/wp\/v2\/tags?post=22053"}],"curies":[{"name":"wp","href":"https:\/\/api.w.org\/{rel}","templated":true}]}}