{"id":22056,"date":"2025-06-26T10:13:48","date_gmt":"2025-06-26T13:13:48","guid":{"rendered":"https:\/\/dgospel.com.br\/portal\/?p=22056"},"modified":"2025-06-26T10:13:50","modified_gmt":"2025-06-26T13:13:50","slug":"camara-derruba-decreto-do-iof-e-impoe-mais-uma-derrota-ao-governo-lula","status":"publish","type":"post","link":"https:\/\/dgospel.com.br\/portal\/index.php\/2025\/06\/26\/camara-derruba-decreto-do-iof-e-impoe-mais-uma-derrota-ao-governo-lula\/","title":{"rendered":"C\u00e2mara derruba decreto do IOF e imp\u00f5e mais uma derrota ao governo Lula"},"content":{"rendered":"\n<p>Em mais um epis\u00f3dio da crise entre os Poderes, a C\u00e2mara dos Deputados aprovou nesta quarta-feira (25) um projeto de decreto legislativo (PDL) que derruba os reajustes promovidos pelo governo federal nas al\u00edquotas do Imposto sobre Opera\u00e7\u00f5es Financeiras (IOF). A medida, que revoga decretos editados pela equipe econ\u00f4mica do presidente Luiz In\u00e1cio Lula da Silva (PT), foi aprovada por ampla maioria: 383 votos a 98.<\/p>\n\n\n\n<p>O texto segue agora para an\u00e1lise do Senado Federal.<\/p>\n\n\n\n<p>A vota\u00e7\u00e3o foi inclu\u00edda de forma repentina na pauta pelo presidente da C\u00e2mara, Hugo Motta (Republicanos-PB), surpreendendo o Pal\u00e1cio do Planalto e at\u00e9 mesmo l\u00edderes da oposi\u00e7\u00e3o. Segundo aliados do presidente da Casa, a decis\u00e3o teria sido motivada por uma suposta falta de resposta do Executivo a demandas anteriores do Congresso.<\/p>\n\n\n\n<p>A derrubada do decreto representa um rev\u00e9s para a estrat\u00e9gia do governo de aumentar a arrecada\u00e7\u00e3o e tentar cumprir a meta de d\u00e9ficit zero estabelecida pelo ministro da Fazenda, Fernando Haddad. Para contornar o impasse com o Legislativo, o Executivo intensificou a libera\u00e7\u00e3o de emendas parlamentares. O valor empenhado j\u00e1 ultrapassa R$ 1,7 bilh\u00e3o.<\/p>\n\n\n\n<p>Relatado pelo deputado Coronel Chris\u00f3stomo (PL-RO), o projeto susta os efeitos de decretos do governo que reajustavam as al\u00edquotas do IOF sobre diversas opera\u00e7\u00f5es. Apesar de o Executivo ter recuado em parte das altera\u00e7\u00f5es, a insatisfa\u00e7\u00e3o de parlamentares persistiu, resultando na defesa da revoga\u00e7\u00e3o integral das medidas.<\/p>\n\n\n\n<p>Mais cedo, o l\u00edder do PL na C\u00e2mara, deputado S\u00f3stenes Cavalcante, atribuiu a inclus\u00e3o da mat\u00e9ria \u00e0 \u201cina\u00e7\u00e3o\u201d do governo ap\u00f3s recado anterior do Congresso, dado na vota\u00e7\u00e3o da urg\u00eancia da proposta na semana passada.<\/p>\n","protected":false},"excerpt":{"rendered":"<p>Em mais um epis\u00f3dio da crise entre os Poderes, a C\u00e2mara dos Deputados aprovou nesta quarta-feira (25) um projeto de decreto legislativo (PDL) que derruba os reajustes promovidos pelo governo federal nas al\u00edquotas do Imposto sobre Opera\u00e7\u00f5es Financeiras (IOF). A medida, que revoga decretos editados pela equipe econ\u00f4mica do presidente Luiz In\u00e1cio Lula da Silva [&hellip;]<\/p>\n","protected":false},"author":2,"featured_media":22057,"comment_status":"open","ping_status":"open","sticky":false,"template":"","format":"standard","meta":[],"categories":[12,4],"tags":[],"_links":{"self":[{"href":"https:\/\/dgospel.com.br\/portal\/index.php\/wp-json\/wp\/v2\/posts\/22056"}],"collection":[{"href":"https:\/\/dgospel.com.br\/portal\/index.php\/wp-json\/wp\/v2\/posts"}],"about":[{"href":"https:\/\/dgospel.com.br\/portal\/index.php\/wp-json\/wp\/v2\/types\/post"}],"author":[{"embeddable":true,"href":"https:\/\/dgospel.com.br\/portal\/index.php\/wp-json\/wp\/v2\/users\/2"}],"replies":[{"embeddable":true,"href":"https:\/\/dgospel.com.br\/portal\/index.php\/wp-json\/wp\/v2\/comments?post=22056"}],"version-history":[{"count":1,"href":"https:\/\/dgospel.com.br\/portal\/index.php\/wp-json\/wp\/v2\/posts\/22056\/revisions"}],"predecessor-version":[{"id":22058,"href":"https:\/\/dgospel.com.br\/portal\/index.php\/wp-json\/wp\/v2\/posts\/22056\/revisions\/22058"}],"wp:featuredmedia":[{"embeddable":true,"href":"https:\/\/dgospel.com.br\/portal\/index.php\/wp-json\/wp\/v2\/media\/22057"}],"wp:attachment":[{"href":"https:\/\/dgospel.com.br\/portal\/index.php\/wp-json\/wp\/v2\/media?parent=22056"}],"wp:term":[{"taxonomy":"category","embeddable":true,"href":"https:\/\/dgospel.com.br\/portal\/index.php\/wp-json\/wp\/v2\/categories?post=22056"},{"taxonomy":"post_tag","embeddable":true,"href":"https:\/\/dgospel.com.br\/portal\/index.php\/wp-json\/wp\/v2\/tags?post=22056"}],"curies":[{"name":"wp","href":"https:\/\/api.w.org\/{rel}","templated":true}]}}