{"id":22064,"date":"2025-06-30T10:16:27","date_gmt":"2025-06-30T13:16:27","guid":{"rendered":"https:\/\/dgospel.com.br\/portal\/?p=22064"},"modified":"2025-06-30T10:16:28","modified_gmt":"2025-06-30T13:16:28","slug":"prefeito-em-exercicio-carlos-velozo-garante-estabilidade-e-continuidade-do-trabalho-por-palmas","status":"publish","type":"post","link":"https:\/\/dgospel.com.br\/portal\/index.php\/2025\/06\/30\/prefeito-em-exercicio-carlos-velozo-garante-estabilidade-e-continuidade-do-trabalho-por-palmas\/","title":{"rendered":"Prefeito em exerc\u00edcio, Carlos Velozo, garante estabilidade e continuidade do trabalho por Palmas"},"content":{"rendered":"\n<p>O vice-prefeito, Carlos Eduardo Velozo, tomou posse&nbsp;e como prefeito em exerc\u00edcio na noite desta sexta-feira, 27, ap\u00f3s publica\u00e7\u00e3o do ato no&nbsp;<a href=\"http:\/\/diariooficial.palmas.to.gov.br\/download\/diario\/3967\/\" target=\"_blank\" rel=\"noreferrer noopener\">Di\u00e1rio Oficial<\/a>&nbsp;do Munic\u00edpio de Palmas (DOMP n\u00b0 3741). Em entrevista na manh\u00e3 deste s\u00e1bado, 28, Carlos garantiu aos cidad\u00e3os palmenses a estabilidade na gest\u00e3o, a continuidade na qualidade dos servi\u00e7os p\u00fablicos e o compromisso com o projeto de desenvolvimento do prefeito Eduardo Siqueira Campos.<\/p>\n\n\n\n<p>Carlos Velozo destacou que n\u00e3o haver\u00e1 mudan\u00e7as na secretaria nem nas demiss\u00f5es de servidores, refor\u00e7ando que a equipe atual seguir\u00e1 trabalhando de forma integrada para garantir a execu\u00e7\u00e3o do plano de governo e a presta\u00e7\u00e3o de servi\u00e7os \u00e0 popula\u00e7\u00e3o.<\/p>\n\n\n\n<p>Na ocasi\u00e3o, afirmou ainda que a gest\u00e3o do prefeito Eduardo Siqueira est\u00e1 voltada para o cuidado das pessoas e assim deve permanecer. A\u00e7\u00f5es como a convoca\u00e7\u00e3o dos concursados da Educa\u00e7\u00e3o e o calend\u00e1rio de entrega de obras ser\u00e3o mantidos para que a popula\u00e7\u00e3o n\u00e3o tenha nenhum preju\u00edzo.<\/p>\n\n\n\n<p>&#8220;Desde o in\u00edcio, estou presente de forma ativa ao lado do prefeito Eduardo para n\u00e3o ficar aqu\u00e9m das necessidades e demandas do Munic\u00edpio. Como ocorreu no per\u00edodo que o prefeito se ausentou, sob cuidado da sa\u00fade de sua fam\u00edlia, estarei inteirado de todo o trabalho para dar continuidade a cada um dos processos, independente do per\u00edodo&#8221;, declarou.<\/p>\n","protected":false},"excerpt":{"rendered":"<p>O vice-prefeito, Carlos Eduardo Velozo, tomou posse&nbsp;e como prefeito em exerc\u00edcio na noite desta sexta-feira, 27, ap\u00f3s publica\u00e7\u00e3o do ato no&nbsp;Di\u00e1rio Oficial&nbsp;do Munic\u00edpio de Palmas (DOMP n\u00b0 3741). Em entrevista na manh\u00e3 deste s\u00e1bado, 28, Carlos garantiu aos cidad\u00e3os palmenses a estabilidade na gest\u00e3o, a continuidade na qualidade dos servi\u00e7os p\u00fablicos e o compromisso com [&hellip;]<\/p>\n","protected":false},"author":2,"featured_media":22065,"comment_status":"open","ping_status":"open","sticky":false,"template":"","format":"standard","meta":[],"categories":[3],"tags":[13],"_links":{"self":[{"href":"https:\/\/dgospel.com.br\/portal\/index.php\/wp-json\/wp\/v2\/posts\/22064"}],"collection":[{"href":"https:\/\/dgospel.com.br\/portal\/index.php\/wp-json\/wp\/v2\/posts"}],"about":[{"href":"https:\/\/dgospel.com.br\/portal\/index.php\/wp-json\/wp\/v2\/types\/post"}],"author":[{"embeddable":true,"href":"https:\/\/dgospel.com.br\/portal\/index.php\/wp-json\/wp\/v2\/users\/2"}],"replies":[{"embeddable":true,"href":"https:\/\/dgospel.com.br\/portal\/index.php\/wp-json\/wp\/v2\/comments?post=22064"}],"version-history":[{"count":1,"href":"https:\/\/dgospel.com.br\/portal\/index.php\/wp-json\/wp\/v2\/posts\/22064\/revisions"}],"predecessor-version":[{"id":22066,"href":"https:\/\/dgospel.com.br\/portal\/index.php\/wp-json\/wp\/v2\/posts\/22064\/revisions\/22066"}],"wp:featuredmedia":[{"embeddable":true,"href":"https:\/\/dgospel.com.br\/portal\/index.php\/wp-json\/wp\/v2\/media\/22065"}],"wp:attachment":[{"href":"https:\/\/dgospel.com.br\/portal\/index.php\/wp-json\/wp\/v2\/media?parent=22064"}],"wp:term":[{"taxonomy":"category","embeddable":true,"href":"https:\/\/dgospel.com.br\/portal\/index.php\/wp-json\/wp\/v2\/categories?post=22064"},{"taxonomy":"post_tag","embeddable":true,"href":"https:\/\/dgospel.com.br\/portal\/index.php\/wp-json\/wp\/v2\/tags?post=22064"}],"curies":[{"name":"wp","href":"https:\/\/api.w.org\/{rel}","templated":true}]}}