{"id":22067,"date":"2025-06-30T12:40:26","date_gmt":"2025-06-30T15:40:26","guid":{"rendered":"https:\/\/dgospel.com.br\/portal\/?p=22067"},"modified":"2025-06-30T12:40:28","modified_gmt":"2025-06-30T15:40:28","slug":"para-714-precos-nos-mercados-aumentaram-na-gestao-lula","status":"publish","type":"post","link":"https:\/\/dgospel.com.br\/portal\/index.php\/2025\/06\/30\/para-714-precos-nos-mercados-aumentaram-na-gestao-lula\/","title":{"rendered":"Para 71,4%, pre\u00e7os nos mercados aumentaram na gest\u00e3o Lula"},"content":{"rendered":"\n<p>Um levantamento divulgado nesta segunda-feira (30) pelo instituto Paran\u00e1 Pesquisas revelou que sete em cada dez brasileiros consideram que os pre\u00e7os de produtos nos mercados se elevaram na gest\u00e3o Lula (PT).<\/p>\n\n\n\n<p>Os dados apontam que 71,4% veem aumento nos valores, enquanto 17,2% disseram que os pre\u00e7os se mantiveram como estavam antes do atual presidente assumir. Outros 9,4% afirmaram que os encargos diminu\u00edram, e 2,1% n\u00e3o souberam responder.<\/p>\n\n\n\n<p>Na an\u00e1lise por regi\u00f5es do Brasil, o Sul teve a maior percep\u00e7\u00e3o de que os pre\u00e7os aumentaram, com 77,9%. Em seguida, vem o Sudeste (76,1%), o Norte e o Centro-Oeste (71%), e o Nordeste (60,4%).<\/p>\n\n\n\n<p>Conduzida entre os dias 18 e 22 de junho, a pesquisa ouviu 2.020 pessoas em 26 estados e no Distrito Federal. A margem de erro \u00e9 de 2,2 pontos percentuais, e o n\u00edvel de confian\u00e7a \u00e9 de 95%.<\/p>\n","protected":false},"excerpt":{"rendered":"<p>Um levantamento divulgado nesta segunda-feira (30) pelo instituto Paran\u00e1 Pesquisas revelou que sete em cada dez brasileiros consideram que os pre\u00e7os de produtos nos mercados se elevaram na gest\u00e3o Lula (PT). Os dados apontam que 71,4% veem aumento nos valores, enquanto 17,2% disseram que os pre\u00e7os se mantiveram como estavam antes do atual presidente assumir. [&hellip;]<\/p>\n","protected":false},"author":2,"featured_media":22068,"comment_status":"open","ping_status":"open","sticky":false,"template":"","format":"standard","meta":[],"categories":[12,10],"tags":[],"_links":{"self":[{"href":"https:\/\/dgospel.com.br\/portal\/index.php\/wp-json\/wp\/v2\/posts\/22067"}],"collection":[{"href":"https:\/\/dgospel.com.br\/portal\/index.php\/wp-json\/wp\/v2\/posts"}],"about":[{"href":"https:\/\/dgospel.com.br\/portal\/index.php\/wp-json\/wp\/v2\/types\/post"}],"author":[{"embeddable":true,"href":"https:\/\/dgospel.com.br\/portal\/index.php\/wp-json\/wp\/v2\/users\/2"}],"replies":[{"embeddable":true,"href":"https:\/\/dgospel.com.br\/portal\/index.php\/wp-json\/wp\/v2\/comments?post=22067"}],"version-history":[{"count":1,"href":"https:\/\/dgospel.com.br\/portal\/index.php\/wp-json\/wp\/v2\/posts\/22067\/revisions"}],"predecessor-version":[{"id":22069,"href":"https:\/\/dgospel.com.br\/portal\/index.php\/wp-json\/wp\/v2\/posts\/22067\/revisions\/22069"}],"wp:featuredmedia":[{"embeddable":true,"href":"https:\/\/dgospel.com.br\/portal\/index.php\/wp-json\/wp\/v2\/media\/22068"}],"wp:attachment":[{"href":"https:\/\/dgospel.com.br\/portal\/index.php\/wp-json\/wp\/v2\/media?parent=22067"}],"wp:term":[{"taxonomy":"category","embeddable":true,"href":"https:\/\/dgospel.com.br\/portal\/index.php\/wp-json\/wp\/v2\/categories?post=22067"},{"taxonomy":"post_tag","embeddable":true,"href":"https:\/\/dgospel.com.br\/portal\/index.php\/wp-json\/wp\/v2\/tags?post=22067"}],"curies":[{"name":"wp","href":"https:\/\/api.w.org\/{rel}","templated":true}]}}