{"id":22070,"date":"2025-06-30T17:52:57","date_gmt":"2025-06-30T20:52:57","guid":{"rendered":"https:\/\/dgospel.com.br\/portal\/?p=22070"},"modified":"2025-06-30T21:29:09","modified_gmt":"2025-07-01T00:29:09","slug":"astor-marcio-comemora-decisao-da-justica-eleitoral-que-garante-permanencia-na-camara-de-xambioa","status":"publish","type":"post","link":"https:\/\/dgospel.com.br\/portal\/index.php\/2025\/06\/30\/astor-marcio-comemora-decisao-da-justica-eleitoral-que-garante-permanencia-na-camara-de-xambioa\/","title":{"rendered":"Pastor M\u00e1rcio comemora decis\u00e3o da Justi\u00e7a Eleitoral que garante perman\u00eancia na C\u00e2mara de Xambio\u00e1"},"content":{"rendered":"\n<p>O vereador Pastor M\u00e1rcio Miranda Barbosa (PP), do munic\u00edpio de Xambio\u00e1-TO, celebrou nesta semana uma importante vit\u00f3ria na Justi\u00e7a Eleitoral. Ap\u00f3s dias de incerteza e ora\u00e7\u00e3o, o parlamentar recebeu com serenidade a decis\u00e3o da 12\u00aa Zona Eleitoral, que julgou improcedente o pedido de recontagem de votos e redistribui\u00e7\u00e3o das cadeiras na C\u00e2mara Municipal.<\/p>\n\n\n\n<p>A a\u00e7\u00e3o havia sido movida pela candidata Marivalda Martins Borges (PRD), com base em entendimento recente do STF sobre a distribui\u00e7\u00e3o das &#8220;sobras eleitorais&#8221;. No entanto, a ju\u00edza Wanessa Lorena Martins de Sousa Motta concluiu que a atual composi\u00e7\u00e3o do Legislativo est\u00e1 em total conformidade com a legisla\u00e7\u00e3o vigente, confirmando os resultados das urnas.<\/p>\n\n\n\n<p>Segundo a decis\u00e3o, o PRD n\u00e3o atingiu o n\u00famero m\u00ednimo de votos exigido para participar da segunda fase da distribui\u00e7\u00e3o das vagas \u2013 faltou apenas um voto. O Minist\u00e9rio P\u00fablico Eleitoral tamb\u00e9m opinou pela improced\u00eancia da a\u00e7\u00e3o, refor\u00e7ando que n\u00e3o houve erro de c\u00e1lculo ou viola\u00e7\u00e3o \u00e0 legalidade eleitoral.<\/p>\n\n\n\n<p>Pastor M\u00e1rcio, que est\u00e1 em seu terceiro mandato como vereador, reafirmou seu compromisso com a popula\u00e7\u00e3o de Xambio\u00e1. \u201cVou continuar trabalhando com serenidade, sempre de cabe\u00e7a erguida. Agrade\u00e7o a Deus, \u00e0s ora\u00e7\u00f5es dos irm\u00e3os e ao apoio dos amigos que estiveram comigo nesse momento dif\u00edcil\u201d, declarou.<\/p>\n\n\n\n<p>Natural de Xambio\u00e1, Pastor M\u00e1rcio tem uma trajet\u00f3ria marcada pelo servi\u00e7o p\u00fablico. Foi professor da rede estadual por 10 anos e atuou como secret\u00e1rio municipal de Assuntos Institucionais e de Transporte entre 2017 e 2020. Seu primeiro mandato como vereador foi entre 2013 e 2016, retornando ao cargo em 2021 e sendo reeleito para o per\u00edodo atual.<\/p>\n\n\n\n<p>Com f\u00e9 e gratid\u00e3o, ele segue representando a comunidade evang\u00e9lica e toda a popula\u00e7\u00e3o de Xambio\u00e1 no Legislativo municipal.<\/p>\n","protected":false},"excerpt":{"rendered":"<p>O vereador Pastor M\u00e1rcio Miranda Barbosa (PP), do munic\u00edpio de Xambio\u00e1-TO, celebrou nesta semana uma importante vit\u00f3ria na Justi\u00e7a Eleitoral. Ap\u00f3s dias de incerteza e ora\u00e7\u00e3o, o parlamentar recebeu com serenidade a decis\u00e3o da 12\u00aa Zona Eleitoral, que julgou improcedente o pedido de recontagem de votos e redistribui\u00e7\u00e3o das cadeiras na C\u00e2mara Municipal. A a\u00e7\u00e3o [&hellip;]<\/p>\n","protected":false},"author":2,"featured_media":22073,"comment_status":"open","ping_status":"open","sticky":false,"template":"","format":"standard","meta":[],"categories":[4],"tags":[13],"_links":{"self":[{"href":"https:\/\/dgospel.com.br\/portal\/index.php\/wp-json\/wp\/v2\/posts\/22070"}],"collection":[{"href":"https:\/\/dgospel.com.br\/portal\/index.php\/wp-json\/wp\/v2\/posts"}],"about":[{"href":"https:\/\/dgospel.com.br\/portal\/index.php\/wp-json\/wp\/v2\/types\/post"}],"author":[{"embeddable":true,"href":"https:\/\/dgospel.com.br\/portal\/index.php\/wp-json\/wp\/v2\/users\/2"}],"replies":[{"embeddable":true,"href":"https:\/\/dgospel.com.br\/portal\/index.php\/wp-json\/wp\/v2\/comments?post=22070"}],"version-history":[{"count":2,"href":"https:\/\/dgospel.com.br\/portal\/index.php\/wp-json\/wp\/v2\/posts\/22070\/revisions"}],"predecessor-version":[{"id":22074,"href":"https:\/\/dgospel.com.br\/portal\/index.php\/wp-json\/wp\/v2\/posts\/22070\/revisions\/22074"}],"wp:featuredmedia":[{"embeddable":true,"href":"https:\/\/dgospel.com.br\/portal\/index.php\/wp-json\/wp\/v2\/media\/22073"}],"wp:attachment":[{"href":"https:\/\/dgospel.com.br\/portal\/index.php\/wp-json\/wp\/v2\/media?parent=22070"}],"wp:term":[{"taxonomy":"category","embeddable":true,"href":"https:\/\/dgospel.com.br\/portal\/index.php\/wp-json\/wp\/v2\/categories?post=22070"},{"taxonomy":"post_tag","embeddable":true,"href":"https:\/\/dgospel.com.br\/portal\/index.php\/wp-json\/wp\/v2\/tags?post=22070"}],"curies":[{"name":"wp","href":"https:\/\/api.w.org\/{rel}","templated":true}]}}