{"id":22078,"date":"2025-06-30T22:30:46","date_gmt":"2025-07-01T01:30:46","guid":{"rendered":"https:\/\/dgospel.com.br\/portal\/?p=22078"},"modified":"2025-06-30T22:30:47","modified_gmt":"2025-07-01T01:30:47","slug":"mais-de-70-dos-brasileiros-afirmam-ter-percebido-alta-nos-precos-de-supermercado-durante-governo-lula-aponta-parana-pesquisas","status":"publish","type":"post","link":"https:\/\/dgospel.com.br\/portal\/index.php\/2025\/06\/30\/mais-de-70-dos-brasileiros-afirmam-ter-percebido-alta-nos-precos-de-supermercado-durante-governo-lula-aponta-parana-pesquisas\/","title":{"rendered":"Mais de 70% dos brasileiros afirmam ter percebido alta nos pre\u00e7os de supermercado durante governo Lula, aponta Paran\u00e1 Pesquisas"},"content":{"rendered":"\n<p>Levantamento do instituto Paran\u00e1 Pesquisas divulgado nesta segunda-feira (30) mostra que 71,4% dos brasileiros afirmam ter percebido aumento nos pre\u00e7os dos produtos de supermercado desde o in\u00edcio do terceiro mandato do presidente Luiz In\u00e1cio Lula da Silva (PT).<\/p>\n\n\n\n<p>A pesquisa foi realizada entre os dias 18 e 22 de junho, com 2.020 entrevistados em todos os estados e no Distrito Federal. A margem de erro \u00e9 de 2,2 pontos percentuais, com n\u00edvel de confian\u00e7a de 95%.<\/p>\n\n\n\n<p>Segundo o instituto, 17,2% dos entrevistados disseram que os pre\u00e7os permaneceram est\u00e1veis, 9,4% notaram uma redu\u00e7\u00e3o e 2,1% n\u00e3o souberam responder.<\/p>\n\n\n\n<p>A percep\u00e7\u00e3o de alta \u00e9 mais expressiva na Regi\u00e3o Sul (77,9%), seguida pelo Sudeste (76,1%), Norte e Centro-Oeste (71%) e Nordeste (60,4%). Em rela\u00e7\u00e3o ao g\u00eanero, a diferen\u00e7a \u00e9 marginal: 71,5% das mulheres relataram aumento, contra 71,2% dos homens.<\/p>\n\n\n\n<p>Entre os que disseram ter notado queda nos pre\u00e7os, o maior percentual est\u00e1 no Nordeste (13%), seguido por Norte e Centro-Oeste (10,3%), Sul (8,3%) e Sudeste (7%). As mulheres representam 10,1% desse grupo, contra 8,7% dos homens.<\/p>\n","protected":false},"excerpt":{"rendered":"<p>Levantamento do instituto Paran\u00e1 Pesquisas divulgado nesta segunda-feira (30) mostra que 71,4% dos brasileiros afirmam ter percebido aumento nos pre\u00e7os dos produtos de supermercado desde o in\u00edcio do terceiro mandato do presidente Luiz In\u00e1cio Lula da Silva (PT). A pesquisa foi realizada entre os dias 18 e 22 de junho, com 2.020 entrevistados em todos [&hellip;]<\/p>\n","protected":false},"author":2,"featured_media":22079,"comment_status":"open","ping_status":"open","sticky":false,"template":"","format":"standard","meta":[],"categories":[10],"tags":[13],"_links":{"self":[{"href":"https:\/\/dgospel.com.br\/portal\/index.php\/wp-json\/wp\/v2\/posts\/22078"}],"collection":[{"href":"https:\/\/dgospel.com.br\/portal\/index.php\/wp-json\/wp\/v2\/posts"}],"about":[{"href":"https:\/\/dgospel.com.br\/portal\/index.php\/wp-json\/wp\/v2\/types\/post"}],"author":[{"embeddable":true,"href":"https:\/\/dgospel.com.br\/portal\/index.php\/wp-json\/wp\/v2\/users\/2"}],"replies":[{"embeddable":true,"href":"https:\/\/dgospel.com.br\/portal\/index.php\/wp-json\/wp\/v2\/comments?post=22078"}],"version-history":[{"count":1,"href":"https:\/\/dgospel.com.br\/portal\/index.php\/wp-json\/wp\/v2\/posts\/22078\/revisions"}],"predecessor-version":[{"id":22080,"href":"https:\/\/dgospel.com.br\/portal\/index.php\/wp-json\/wp\/v2\/posts\/22078\/revisions\/22080"}],"wp:featuredmedia":[{"embeddable":true,"href":"https:\/\/dgospel.com.br\/portal\/index.php\/wp-json\/wp\/v2\/media\/22079"}],"wp:attachment":[{"href":"https:\/\/dgospel.com.br\/portal\/index.php\/wp-json\/wp\/v2\/media?parent=22078"}],"wp:term":[{"taxonomy":"category","embeddable":true,"href":"https:\/\/dgospel.com.br\/portal\/index.php\/wp-json\/wp\/v2\/categories?post=22078"},{"taxonomy":"post_tag","embeddable":true,"href":"https:\/\/dgospel.com.br\/portal\/index.php\/wp-json\/wp\/v2\/tags?post=22078"}],"curies":[{"name":"wp","href":"https:\/\/api.w.org\/{rel}","templated":true}]}}