{"id":2208,"date":"2019-01-04T10:32:40","date_gmt":"2019-01-04T12:32:40","guid":{"rendered":"http:\/\/dgospel.com.br\/portal\/?p=2208"},"modified":"2019-01-04T10:32:40","modified_gmt":"2019-01-04T12:32:40","slug":"acabou-a-doutrinacao-ideologica-de-criancas-e-adolescentes-diz-damares-em-posse","status":"publish","type":"post","link":"https:\/\/dgospel.com.br\/portal\/index.php\/2019\/01\/04\/acabou-a-doutrinacao-ideologica-de-criancas-e-adolescentes-diz-damares-em-posse\/","title":{"rendered":"Acabou a doutrina\u00e7\u00e3o ideol\u00f3gica de crian\u00e7as e adolescentes, diz Damares em posse"},"content":{"rendered":"<p>Com um discurso emocionado, a pastora\u00a0<a href=\"https:\/\/guiame.com.br\/gospel\/noticias\/pastora-damares-alves-e-nomeada-para-ministerio-dos-direitos-humanos.html\"><strong>Damares Alves<\/strong><\/a>\u00a0tomou posse nesta quarta-feira (2) como ministra da Mulher, Fam\u00edlia e Direitos Humanos. Ela falou sobre sua f\u00e9 e as principais lutas que ir\u00e3o marcar seu trabalho.<\/p>\n<p>\u201cUm dos desafios \u00e9 acabar com o abuso da doutrina\u00e7\u00e3o ideol\u00f3gica. Acabou a doutrina\u00e7\u00e3o ideol\u00f3gica de crian\u00e7as e adolescentes no Brasil\u201d, destacou Damares, que tamb\u00e9m se posicionou em rela\u00e7\u00e3o \u00e0 sua f\u00e9: \u201cO Estado \u00e9 laico, mas esta ministra \u00e9 terrivelmente crist\u00e3 e, por ser crist\u00e3, acredito nos des\u00edgnios de Deus\u201d.<\/p>\n<p>A ministra disse que, no governo Bolsonaro, todas as pol\u00edticas p\u00fablicas ser\u00e3o constru\u00eddas\u00a0<a href=\"https:\/\/guiame.com.br\/gospel\/noticias\/combater-aborto-e-prioridade-para-futura-ministra-damares-alves.html\"><strong>com base na fam\u00edlia<\/strong><\/a>\u00a0e que seu minist\u00e9rio dar\u00e1 assessoramento a outras pastas.<\/p>\n<p>\u201cMuitas pessoas no Brasil est\u00e3o perguntando: precisava no Brasil de um Minist\u00e9rio da Fam\u00edlia? Sim, gente. O governo Bolsonaro vem com uma outra perspectiva. Todas as pol\u00edticas p\u00fablicas neste pa\u00eds ter\u00e3o que ser constru\u00eddas com base na fam\u00edlia. [\u2026] N\u00e3o d\u00e1 mais para pensar em pol\u00edticas p\u00fablicas sem pensar no fortalecimento da fam\u00edlia\u201d, afirmou.<\/p>\n<p>Ela ainda disse que seu minist\u00e9rio seria \u201cda fam\u00edlia, seja qual for a sua configura\u00e7\u00e3o\u201d. \u201cEu e minha filha somos fam\u00edlia. Nada vai tirar de n\u00f3s este v\u00ednculo. Todas a configura\u00e7\u00f5es familiares neste Brasil ser\u00e3o respeitadas\u201d, disse a ministra.<\/p>\n<p>Sobre os direitos da mulher, Damares disse que nenhuma den\u00fancia de viol\u00eancia ser\u00e1 ignorada. \u201cAs mulheres ter\u00e3o prioridade neste minist\u00e9rio. Lutaremos para que n\u00e3o sejam tratadas como massa de manobra. As brasileiras ter\u00e3o voz e ser\u00e3o escutadas por este governo. Somos o quinto pa\u00eds no mundo em feminic\u00eddio. Que vergonha. Chega de viol\u00eancia contra a mulher nesta na\u00e7\u00e3o\u201d.<\/p>\n<p>A ministra esclareceu que a popula\u00e7\u00e3o LGBT n\u00e3o ficou de fora das diretrizes do minist\u00e9rio e disse que os direitos est\u00e3o garantidos. \u201cVamos lutar contra todos os tipos de viol\u00eancia e preconceito nesta na\u00e7\u00e3o, inclusive LGBTI [&#8230;] Nenhum direito conquistado pela comunidade LGBTI ser\u00e1 violado\u201d.<\/p>\n<p>Por outro lado, ela refor\u00e7ou a diferen\u00e7a de g\u00eanero. \u201cNeste governo, menina ser\u00e1 princesa e menino ser\u00e1 pr\u00edncipe. Ningu\u00e9m vai nos impedir de chamar nossas meninas de princesa e nossos meninos de pr\u00edncipe\u201d, declarou.<\/p>\n<p><strong>Jesus no p\u00e9 de goiaba<\/strong><\/p>\n<p>Damares criticou a insensibilidade da imprensa ao comentar a experi\u00eancia de\u00a0<a href=\"https:\/\/guiame.com.br\/gospel\/noticias\/bolsonaro-defende-damares-sobre-jesus-no-pe-de-goiaba-e-vergonhoso-debocharem.html\"><strong>ver Jesus em uma goiabeira<\/strong><\/a>, ap\u00f3s uma tentativa de suic\u00eddio devido ao abuso que sofreu na inf\u00e2ncia. \u201cMinha hist\u00f3ria n\u00e3o foi respeitada por muitos meios de comunica\u00e7\u00e3o\u201d, afirmou.<\/p>\n<p>\u201cMinha cren\u00e7a virou chacota e tamb\u00e9m motivo de risadas. Tive minha hist\u00f3ria compartilhada com esc\u00e1rnio\u201d, disse ela, completando: \u201cTenho meu Consolador e, queiram voc\u00eas ou n\u00e3o, Ele sobe em p\u00e9 de goiaba\u201d.<\/p>\n<p>Damares revelou que ela e sua filha foram amea\u00e7adas de morte e que, por isso, a jovem n\u00e3o compareceu. Na semana passada, um grupo investigado pela Pol\u00edcia Federal por suposta liga\u00e7\u00e3o com uma bomba encontrada no entorno de Bras\u00edlia disse ao site Metr\u00f3poles, do DF, que a ministra poderia ser alvo de ataques.<\/p>\n<p>FONTE: GUIAME, COM INFORMA\u00c7\u00d5ES DA FOLHA DE S. PAULO<\/p>\n","protected":false},"excerpt":{"rendered":"<p>Com um discurso emocionado, a pastora\u00a0Damares Alves\u00a0tomou posse nesta quarta-feira (2) como ministra da Mulher, Fam\u00edlia e Direitos Humanos. Ela falou sobre sua f\u00e9 e as principais lutas que ir\u00e3o marcar seu trabalho. \u201cUm dos desafios \u00e9 acabar com o abuso da doutrina\u00e7\u00e3o ideol\u00f3gica. Acabou a doutrina\u00e7\u00e3o ideol\u00f3gica de crian\u00e7as e adolescentes no Brasil\u201d, destacou [&hellip;]<\/p>\n","protected":false},"author":2,"featured_media":2209,"comment_status":"open","ping_status":"open","sticky":false,"template":"","format":"standard","meta":[],"categories":[5,6],"tags":[],"_links":{"self":[{"href":"https:\/\/dgospel.com.br\/portal\/index.php\/wp-json\/wp\/v2\/posts\/2208"}],"collection":[{"href":"https:\/\/dgospel.com.br\/portal\/index.php\/wp-json\/wp\/v2\/posts"}],"about":[{"href":"https:\/\/dgospel.com.br\/portal\/index.php\/wp-json\/wp\/v2\/types\/post"}],"author":[{"embeddable":true,"href":"https:\/\/dgospel.com.br\/portal\/index.php\/wp-json\/wp\/v2\/users\/2"}],"replies":[{"embeddable":true,"href":"https:\/\/dgospel.com.br\/portal\/index.php\/wp-json\/wp\/v2\/comments?post=2208"}],"version-history":[{"count":1,"href":"https:\/\/dgospel.com.br\/portal\/index.php\/wp-json\/wp\/v2\/posts\/2208\/revisions"}],"predecessor-version":[{"id":2210,"href":"https:\/\/dgospel.com.br\/portal\/index.php\/wp-json\/wp\/v2\/posts\/2208\/revisions\/2210"}],"wp:featuredmedia":[{"embeddable":true,"href":"https:\/\/dgospel.com.br\/portal\/index.php\/wp-json\/wp\/v2\/media\/2209"}],"wp:attachment":[{"href":"https:\/\/dgospel.com.br\/portal\/index.php\/wp-json\/wp\/v2\/media?parent=2208"}],"wp:term":[{"taxonomy":"category","embeddable":true,"href":"https:\/\/dgospel.com.br\/portal\/index.php\/wp-json\/wp\/v2\/categories?post=2208"},{"taxonomy":"post_tag","embeddable":true,"href":"https:\/\/dgospel.com.br\/portal\/index.php\/wp-json\/wp\/v2\/tags?post=2208"}],"curies":[{"name":"wp","href":"https:\/\/api.w.org\/{rel}","templated":true}]}}