{"id":22084,"date":"2025-07-02T23:05:18","date_gmt":"2025-07-03T02:05:18","guid":{"rendered":"https:\/\/dgospel.com.br\/portal\/?p=22084"},"modified":"2025-07-02T23:05:19","modified_gmt":"2025-07-03T02:05:19","slug":"gipao-se-destaca-nos-primeiros-seis-meses-de-2025-valorizacao-da-fe-crista-desenvolvimento-sustentabilidade-e-inclusao","status":"publish","type":"post","link":"https:\/\/dgospel.com.br\/portal\/index.php\/2025\/07\/02\/gipao-se-destaca-nos-primeiros-seis-meses-de-2025-valorizacao-da-fe-crista-desenvolvimento-sustentabilidade-e-inclusao\/","title":{"rendered":"Gip\u00e3o se destaca nos primeiros seis meses de 2025: valoriza\u00e7\u00e3o da f\u00e9 crist\u00e3, desenvolvimento, sustentabilidade e inclus\u00e3o"},"content":{"rendered":"\n<p>Com uma agenda intensa e diversificada, o deputado estadual Gip\u00e3o (PL) tem se consolidado como um dos parlamentares mais atuantes da Assembleia Legislativa do Tocantins (Aleto) em 2025. Nos primeiros seis meses do ano, o deputado apresentou uma s\u00e9rie de projetos e requerimentos que refor\u00e7am seu compromisso com o desenvolvimento regional, a inclus\u00e3o social, seguran\u00e7a p\u00fablica, valoriza\u00e7\u00e3o do meio ambiente, a cultura evang\u00e9lica e a prote\u00e7\u00e3o dos direitos das mulheres e pessoas com defici\u00eancia.<\/p>\n\n\n\n<p><strong>Entre os destaques da atua\u00e7\u00e3o parlamentar est\u00e3o:<\/strong><\/p>\n\n\n\n<p>O Projeto de Lei Complementar que prop\u00f5e a cria\u00e7\u00e3o da Regi\u00e3o Metropolitana de Aragua\u00edna, iniciativa que visa integrar mais de 20 munic\u00edpios do norte tocantinense em torno de pol\u00edticas p\u00fablicas coordenadas nas \u00e1reas de sa\u00fade, transporte, educa\u00e7\u00e3o, seguran\u00e7a e infraestrutura. A proposta tem como objetivo impulsionar o desenvolvimento econ\u00f4mico e urbano da regi\u00e3o, consolidando Aragua\u00edna como polo estrat\u00e9gico.<\/p>\n\n\n\n<p>Na \u00e1rea ambiental, Gip\u00e3o apresentou o Programa Tocantins Verde, voltado \u00e0 inclus\u00e3o social e \u00e0 educa\u00e7\u00e3o ambiental em escolas p\u00fablicas e privadas. O projeto visa promover a reciclagem, a agricultura sustent\u00e1vel, o reflorestamento e o uso de tecnologias limpas.<\/p>\n\n\n\n<p>Ele ainda prop\u00f4s a cria\u00e7\u00e3o de um Programa de Fomento ao Turismo Sustent\u00e1vel, com foco na valoriza\u00e7\u00e3o de parques e reservas ecol\u00f3gicas, visando transformar o ecoturismo em vetor de desenvolvimento local.<\/p>\n\n\n\n<p>Na pauta social, Gip\u00e3o prop\u00f4s o Programa Estadual de Assist\u00eancia Jur\u00eddica Itinerante, que prev\u00ea o atendimento gratuito da Defensoria P\u00fablica em comunidades de dif\u00edcil acesso, assegurando o direito \u00e0 justi\u00e7a para todos.<\/p>\n\n\n\n<p>Tamb\u00e9m se destacou ao apresentar um projeto que garante profissionais de apoio em tempo integral para alunos com necessidades especiais nas escolas da rede p\u00fablica, refor\u00e7ando a luta por uma educa\u00e7\u00e3o inclusiva.<\/p>\n\n\n\n<p>No combate \u00e0 viol\u00eancia contra a mulher, o parlamentar se destacou com a proposi\u00e7\u00e3o de assentos priorit\u00e1rios para mulheres no transporte intermunicipal e medidas de preven\u00e7\u00e3o \u00e0 importuna\u00e7\u00e3o sexual durante as viagens. A proposta, elogiada por especialistas e autoridades, busca criar um ambiente mais seguro para as passageiras e evitar que o Tocantins entre nas estat\u00edsticas alarmantes de outros estados.<\/p>\n\n\n\n<p>No campo da seguran\u00e7a p\u00fablica, Gip\u00e3o solicitou a instala\u00e7\u00e3o de academias de muscula\u00e7\u00e3o e preparo f\u00edsico para a Pol\u00edcia Civil, com foco na sa\u00fade e no desempenho dos agentes.<\/p>\n\n\n\n<p>J\u00e1 no setor esportivo, o deputado celebrou o avan\u00e7o de seu requerimento que solicitava a reforma do Est\u00e1dio Mirand\u00e3o, em Aragua\u00edna, com a assinatura da ordem de servi\u00e7o pelo governador Wanderlei Barbosa. Gip\u00e3o destacou o papel do esporte como ferramenta de inclus\u00e3o, lazer e gera\u00e7\u00e3o de renda.<\/p>\n\n\n\n<p>\u201cPretendo manter sempre o foco do meu trabalho nas demandas do povo tocantinense, dos quatro cantos do nosso estado. Cada propositura vem de um forte apelo popular. Continuamos ouvindo os cidad\u00e3os nas incans\u00e1veis viagens que fazemos e essa \u00e9 a nossa base de trabalho\u201d, argumentou o deputado.<\/p>\n\n\n\n<p>Na Aleto, Gip\u00e3o passou a integrar como titular a Comiss\u00e3o de Finan\u00e7as, Or\u00e7amento e Planejamento, al\u00e9m de manter sua participa\u00e7\u00e3o na Comiss\u00e3o de Educa\u00e7\u00e3o, Cultura e Desporto. Sua atua\u00e7\u00e3o parlamentar tem sido marcada por equil\u00edbrio t\u00e9cnico e sensibilidade social.<\/p>\n\n\n\n<p>Defensor das pautas crist\u00e3s, Gip\u00e3o manteve seu protagonismo entre os parlamentares evang\u00e9licos do Tocantins. Ele promoveu a Sess\u00e3o Solene em homenagem ao Dia Estadual do Evang\u00e9lico, e apoiou a realiza\u00e7\u00e3o de eventos crist\u00e3os em v\u00e1rias cidades, a exemplo do show gospel em comemora\u00e7\u00e3o ao anivers\u00e1rio de Palmas, com a presen\u00e7a de Thalles Roberto e outros artistas.<\/p>\n\n\n\n<p>Ainda neste semestre, o deputado esteve em Curitiba (PR), onde visitou a Assembleia Legislativa do Paran\u00e1 e foi recebido por parlamentares aliados, como a deputada Mara Lima. O encontro buscou fortalecer pautas em defesa da fam\u00edlia, da vida e dos valores crist\u00e3os.<\/p>\n\n\n\n<p>\u201cO ser humano perde sua identidade quando se afasta das suas pr\u00f3prias ra\u00edzes. Eu nasci num lar crist\u00e3o, com uma m\u00e3e fervorosa na ora\u00e7\u00e3o e um pai que foi pastor por muitos anos. A base que sustenta o lar e os valores da fam\u00edlia \u00e9 a cultura crist\u00e3, que prega o amor, a honestidade e a \u00e9tica. Precisamos ecoar essa mensagem para o m\u00e1ximo de pessoas\u201d, destacou o parlamentar.<\/p>\n\n\n\n<p>Com uma atua\u00e7\u00e3o ampla e firme, Gip\u00e3o refor\u00e7a seu compromisso com o povo tocantinense. As propostas apresentadas e a\u00e7\u00f5es realizadas nos primeiros seis meses de 2025 demonstram uma postura ativa, sens\u00edvel e comprometida com o desenvolvimento sustent\u00e1vel, a justi\u00e7a social, a valoriza\u00e7\u00e3o da f\u00e9 e o respeito aos direitos humanos.<\/p>\n","protected":false},"excerpt":{"rendered":"<p>Com uma agenda intensa e diversificada, o deputado estadual Gip\u00e3o (PL) tem se consolidado como um dos parlamentares mais atuantes da Assembleia Legislativa do Tocantins (Aleto) em 2025. Nos primeiros seis meses do ano, o deputado apresentou uma s\u00e9rie de projetos e requerimentos que refor\u00e7am seu compromisso com o desenvolvimento regional, a inclus\u00e3o social, seguran\u00e7a [&hellip;]<\/p>\n","protected":false},"author":2,"featured_media":22085,"comment_status":"open","ping_status":"open","sticky":false,"template":"","format":"standard","meta":[],"categories":[8],"tags":[],"_links":{"self":[{"href":"https:\/\/dgospel.com.br\/portal\/index.php\/wp-json\/wp\/v2\/posts\/22084"}],"collection":[{"href":"https:\/\/dgospel.com.br\/portal\/index.php\/wp-json\/wp\/v2\/posts"}],"about":[{"href":"https:\/\/dgospel.com.br\/portal\/index.php\/wp-json\/wp\/v2\/types\/post"}],"author":[{"embeddable":true,"href":"https:\/\/dgospel.com.br\/portal\/index.php\/wp-json\/wp\/v2\/users\/2"}],"replies":[{"embeddable":true,"href":"https:\/\/dgospel.com.br\/portal\/index.php\/wp-json\/wp\/v2\/comments?post=22084"}],"version-history":[{"count":1,"href":"https:\/\/dgospel.com.br\/portal\/index.php\/wp-json\/wp\/v2\/posts\/22084\/revisions"}],"predecessor-version":[{"id":22086,"href":"https:\/\/dgospel.com.br\/portal\/index.php\/wp-json\/wp\/v2\/posts\/22084\/revisions\/22086"}],"wp:featuredmedia":[{"embeddable":true,"href":"https:\/\/dgospel.com.br\/portal\/index.php\/wp-json\/wp\/v2\/media\/22085"}],"wp:attachment":[{"href":"https:\/\/dgospel.com.br\/portal\/index.php\/wp-json\/wp\/v2\/media?parent=22084"}],"wp:term":[{"taxonomy":"category","embeddable":true,"href":"https:\/\/dgospel.com.br\/portal\/index.php\/wp-json\/wp\/v2\/categories?post=22084"},{"taxonomy":"post_tag","embeddable":true,"href":"https:\/\/dgospel.com.br\/portal\/index.php\/wp-json\/wp\/v2\/tags?post=22084"}],"curies":[{"name":"wp","href":"https:\/\/api.w.org\/{rel}","templated":true}]}}