{"id":22087,"date":"2025-07-02T23:10:51","date_gmt":"2025-07-03T02:10:51","guid":{"rendered":"https:\/\/dgospel.com.br\/portal\/?p=22087"},"modified":"2025-07-02T23:10:52","modified_gmt":"2025-07-03T02:10:52","slug":"correios-sob-pressao-fentect-denuncia-plano-do-governo-lula-para-demissoes-e-venda-de-ativos","status":"publish","type":"post","link":"https:\/\/dgospel.com.br\/portal\/index.php\/2025\/07\/02\/correios-sob-pressao-fentect-denuncia-plano-do-governo-lula-para-demissoes-e-venda-de-ativos\/","title":{"rendered":"Correios sob press\u00e3o: FENTECT denuncia plano do governo Lula para demiss\u00f5es e venda de ativos"},"content":{"rendered":"\n<p>A Federa\u00e7\u00e3o Nacional dos Trabalhadores em Empresas de Correios e Tel\u00e9grafos e Similares (FENTECT) reagiu com dureza \u00e0 informa\u00e7\u00e3o de que a Casa Civil estaria pressionando a presid\u00eancia dos Correios para executar um plano de demiss\u00e3o em massa e venda de parte do patrim\u00f4nio da estatal.<\/p>\n\n\n\n<p>Segundo nota divulgada nesta ter\u00e7a-feira (1\u00ba\/7), a federa\u00e7\u00e3o acusa o governo federal de articular \u201cuma tentativa covarde de sacrificar milhares de pais e m\u00e3es de fam\u00edlia em nome de acordos pol\u00edticos esp\u00farios\u201d e responsabiliza diretamente o ministro da Casa Civil, Rui Costa, por um eventual colapso no sistema postal.<\/p>\n\n\n\n<p>\u201cA responsabilidade por um eventual colapso no servi\u00e7o postal e log\u00edstico brasileiro, e pelo desgaste pol\u00edtico que atingir\u00e1 o presidente Lula em 2026, ser\u00e1 exclusivamente do ministro Rui Costa, que prefere perseguir trabalhadores com demiss\u00f5es a defender empresas estrat\u00e9gicas para o pa\u00eds\u201d, diz o comunicado da entidade.<\/p>\n\n\n\n<p>A den\u00fancia vem na esteira de revela\u00e7\u00f5es feitas pelo site Metr\u00f3poles, que exp\u00f4s que o presidente dos Correios, Fabiano Silva, recebeu da Casa Civil a orienta\u00e7\u00e3o para demitir cerca de 10 mil funcion\u00e1rios e vender im\u00f3veis da estatal. A informa\u00e7\u00e3o circulou ap\u00f3s reuni\u00f5es com interlocutores do governo nos \u00faltimos dias.<\/p>\n\n\n\n<p>O movimento sindical alerta para o impacto social e pol\u00edtico da medida, destacando que a iniciativa pode comprometer a imagem do governo Lula junto \u00e0 sua base eleitoral. A FENTECT ainda acusa o Planalto de tratar os Correios como moeda de troca pol\u00edtica, abandonando qualquer projeto de fortalecimento da estatal.<\/p>\n","protected":false},"excerpt":{"rendered":"<p>A Federa\u00e7\u00e3o Nacional dos Trabalhadores em Empresas de Correios e Tel\u00e9grafos e Similares (FENTECT) reagiu com dureza \u00e0 informa\u00e7\u00e3o de que a Casa Civil estaria pressionando a presid\u00eancia dos Correios para executar um plano de demiss\u00e3o em massa e venda de parte do patrim\u00f4nio da estatal. Segundo nota divulgada nesta ter\u00e7a-feira (1\u00ba\/7), a federa\u00e7\u00e3o acusa [&hellip;]<\/p>\n","protected":false},"author":2,"featured_media":22088,"comment_status":"open","ping_status":"open","sticky":false,"template":"","format":"standard","meta":[],"categories":[10],"tags":[13],"_links":{"self":[{"href":"https:\/\/dgospel.com.br\/portal\/index.php\/wp-json\/wp\/v2\/posts\/22087"}],"collection":[{"href":"https:\/\/dgospel.com.br\/portal\/index.php\/wp-json\/wp\/v2\/posts"}],"about":[{"href":"https:\/\/dgospel.com.br\/portal\/index.php\/wp-json\/wp\/v2\/types\/post"}],"author":[{"embeddable":true,"href":"https:\/\/dgospel.com.br\/portal\/index.php\/wp-json\/wp\/v2\/users\/2"}],"replies":[{"embeddable":true,"href":"https:\/\/dgospel.com.br\/portal\/index.php\/wp-json\/wp\/v2\/comments?post=22087"}],"version-history":[{"count":1,"href":"https:\/\/dgospel.com.br\/portal\/index.php\/wp-json\/wp\/v2\/posts\/22087\/revisions"}],"predecessor-version":[{"id":22089,"href":"https:\/\/dgospel.com.br\/portal\/index.php\/wp-json\/wp\/v2\/posts\/22087\/revisions\/22089"}],"wp:featuredmedia":[{"embeddable":true,"href":"https:\/\/dgospel.com.br\/portal\/index.php\/wp-json\/wp\/v2\/media\/22088"}],"wp:attachment":[{"href":"https:\/\/dgospel.com.br\/portal\/index.php\/wp-json\/wp\/v2\/media?parent=22087"}],"wp:term":[{"taxonomy":"category","embeddable":true,"href":"https:\/\/dgospel.com.br\/portal\/index.php\/wp-json\/wp\/v2\/categories?post=22087"},{"taxonomy":"post_tag","embeddable":true,"href":"https:\/\/dgospel.com.br\/portal\/index.php\/wp-json\/wp\/v2\/tags?post=22087"}],"curies":[{"name":"wp","href":"https:\/\/api.w.org\/{rel}","templated":true}]}}