{"id":22093,"date":"2025-07-05T16:44:32","date_gmt":"2025-07-05T19:44:32","guid":{"rendered":"https:\/\/dgospel.com.br\/portal\/?p=22093"},"modified":"2025-07-05T16:44:33","modified_gmt":"2025-07-05T19:44:33","slug":"um-dia-apos-ida-a-terreiro-janja-e-ministra-visitam-igreja","status":"publish","type":"post","link":"https:\/\/dgospel.com.br\/portal\/index.php\/2025\/07\/05\/um-dia-apos-ida-a-terreiro-janja-e-ministra-visitam-igreja\/","title":{"rendered":"Um dia ap\u00f3s ida a terreiro, Janja e ministra visitam igreja"},"content":{"rendered":"\n<p>Um dia ap\u00f3s visitar um terreiro de candombl\u00e9, a primeira-dama Janja da Silva foi a uma igreja evang\u00e9lica, nesta sexta-feira, acompanhada da ministra Anielle Franco com o intuito de iniciar \u201co di\u00e1logo com mulheres evang\u00e9licas no combate \u00e0 desigualdade social\u201d.<\/p>\n\n\n\n<p>Janja afirmou que se emociona \u201cem lugares que trazem paz e espiritualidade\u201d.<\/p>\n\n\n\n<p>A deputada Benedita da Silva tamb\u00e9m participou do encontro.<\/p>\n\n\n\n<blockquote class=\"wp-block-quote\"><p>&nbsp;Ver essa foto no Instagram<\/p><p>&nbsp;<\/p><p><a href=\"https:\/\/www.instagram.com\/reel\/DLs4ZKPqO-H\/?utm_source=ig_embed&amp;utm_campaign=loading\" target=\"_blank\" rel=\"noreferrer noopener\">Uma publica\u00e7\u00e3o compartilhada por Pleno.News (@plenonews)<\/a><\/p><\/blockquote>\n\n\n\n<figure class=\"wp-block-image\"><img src=\"https:\/\/static.cdn.pleno.news\/2025\/07\/Screenshot-4-3.png\" alt=\"\" class=\"wp-image-1530197\"\/><\/figure>\n\n\n\n<figure class=\"wp-block-image\"><img src=\"https:\/\/static.cdn.pleno.news\/2025\/07\/Screenshot-5-2.png\" alt=\"\" class=\"wp-image-1530198\"\/><\/figure>\n\n\n\n<figure class=\"wp-block-image\"><img src=\"https:\/\/static.cdn.pleno.news\/2025\/07\/Screenshot-12-1.png\" alt=\"\" class=\"wp-image-1530199\"\/><\/figure>\n\n\n\n<figure class=\"wp-block-image\"><img src=\"https:\/\/static.cdn.pleno.news\/2025\/07\/Screenshot-13-1.png\" alt=\"\" class=\"wp-image-1530200\"\/><\/figure>\n","protected":false},"excerpt":{"rendered":"<p>Um dia ap\u00f3s visitar um terreiro de candombl\u00e9, a primeira-dama Janja da Silva foi a uma igreja evang\u00e9lica, nesta sexta-feira, acompanhada da ministra Anielle Franco com o intuito de iniciar \u201co di\u00e1logo com mulheres evang\u00e9licas no combate \u00e0 desigualdade social\u201d. Janja afirmou que se emociona \u201cem lugares que trazem paz e espiritualidade\u201d. A deputada Benedita [&hellip;]<\/p>\n","protected":false},"author":2,"featured_media":22094,"comment_status":"open","ping_status":"open","sticky":false,"template":"","format":"standard","meta":[],"categories":[10],"tags":[],"_links":{"self":[{"href":"https:\/\/dgospel.com.br\/portal\/index.php\/wp-json\/wp\/v2\/posts\/22093"}],"collection":[{"href":"https:\/\/dgospel.com.br\/portal\/index.php\/wp-json\/wp\/v2\/posts"}],"about":[{"href":"https:\/\/dgospel.com.br\/portal\/index.php\/wp-json\/wp\/v2\/types\/post"}],"author":[{"embeddable":true,"href":"https:\/\/dgospel.com.br\/portal\/index.php\/wp-json\/wp\/v2\/users\/2"}],"replies":[{"embeddable":true,"href":"https:\/\/dgospel.com.br\/portal\/index.php\/wp-json\/wp\/v2\/comments?post=22093"}],"version-history":[{"count":1,"href":"https:\/\/dgospel.com.br\/portal\/index.php\/wp-json\/wp\/v2\/posts\/22093\/revisions"}],"predecessor-version":[{"id":22095,"href":"https:\/\/dgospel.com.br\/portal\/index.php\/wp-json\/wp\/v2\/posts\/22093\/revisions\/22095"}],"wp:featuredmedia":[{"embeddable":true,"href":"https:\/\/dgospel.com.br\/portal\/index.php\/wp-json\/wp\/v2\/media\/22094"}],"wp:attachment":[{"href":"https:\/\/dgospel.com.br\/portal\/index.php\/wp-json\/wp\/v2\/media?parent=22093"}],"wp:term":[{"taxonomy":"category","embeddable":true,"href":"https:\/\/dgospel.com.br\/portal\/index.php\/wp-json\/wp\/v2\/categories?post=22093"},{"taxonomy":"post_tag","embeddable":true,"href":"https:\/\/dgospel.com.br\/portal\/index.php\/wp-json\/wp\/v2\/tags?post=22093"}],"curies":[{"name":"wp","href":"https:\/\/api.w.org\/{rel}","templated":true}]}}