{"id":22096,"date":"2025-07-05T16:47:05","date_gmt":"2025-07-05T19:47:05","guid":{"rendered":"https:\/\/dgospel.com.br\/portal\/?p=22096"},"modified":"2025-07-05T16:47:07","modified_gmt":"2025-07-05T19:47:07","slug":"janja-e-ministras-vao-a-terreiro-de-candomble-no-rio-de-janeiro","status":"publish","type":"post","link":"https:\/\/dgospel.com.br\/portal\/index.php\/2025\/07\/05\/janja-e-ministras-vao-a-terreiro-de-candomble-no-rio-de-janeiro\/","title":{"rendered":"Janja e ministras v\u00e3o a terreiro de candombl\u00e9 no Rio de Janeiro"},"content":{"rendered":"\n<p>Iniciando sua passagem pelo Rio de Janeiro, a ministra da Cultura, Margareth Menezes, participou, na quinta-feira (3), do lan\u00e7amento do Edital M\u00e3e Beata de Iemanj\u00e1, ao lado da primeira-dama, Janja Lula da Silva, e da ministra da Igualdade Racial, Anielle Franco. A cerim\u00f4nia foi realizada no terreiro Il\u00ea Ax\u00e9 Omi\u00f3juar\u00f4, em Nova Igua\u00e7u (RJ).<\/p>\n\n\n\n<p>O edital, promovido pelo Minist\u00e9rio da Igualdade Racial (MIR) \u00e9 voltado ao fortalecimento de terreiros na promo\u00e7\u00e3o da justi\u00e7a ambiental e ir\u00e1 premiar 54 iniciativas, j\u00e1 realizadas ou em andamento, conduzidos por povos e comunidades tradicionais de terreiro ou de matriz africana. As inscri\u00e7\u00f5es come\u00e7aram nesta sexta-feira (4). Ser\u00e3o selecionadas duas a\u00e7\u00f5es por unidade da Federa\u00e7\u00e3o, por meio da regionaliza\u00e7\u00e3o, para promover a democratiza\u00e7\u00e3o do fomento a iniciativas de base territorial e comunit\u00e1ria.<\/p>\n\n\n\n<p>\u2013 Esse pr\u00eamio \u00e9 ainda mais relevante em ano de COP30, uma vez que o MIR defende a pauta da participa\u00e7\u00e3o dos afrodescendentes, povos e comunidades tradicionais e de matriz africana nas negocia\u00e7\u00f5es sobre clima e meio-ambiente \u2013 destacou a ministra da Igualdade Racial, Anielle Franco.<\/p>\n\n\n\n<figure class=\"wp-block-image\"><img src=\"https:\/\/static.cdn.pleno.news\/2025\/07\/Screenshot-8-1-1024x608.png\" alt=\"\" class=\"wp-image-1530172\"\/><\/figure>\n\n\n\n<p>A pol\u00edtica \u00e9 uma parceria com a Universidade Federal do Rio de Janeiro (UFRJ), a Funda\u00e7\u00e3o Jos\u00e9 Bonif\u00e1cio (FJB), com apoio da Universidade Federal do Rio Grande do Sul (UFRGS). Al\u00e9m disso, integra a programa\u00e7\u00e3o do Julho das Mulheres Negras, m\u00eas em que se celebra o Dia da Mulher Negra Latino-Americana e Caribenha.<\/p>\n\n\n\n<p>Al\u00e9m do lan\u00e7amento do edital, a ministra visitou as instala\u00e7\u00f5es do terreiro e na ocasi\u00e3o foi realizada a Roda de Di\u00e1logo: Valoriza\u00e7\u00e3o das Tradi\u00e7\u00f5es de Matriz Africana e o Papel das Mulheres de Terreiro na Promo\u00e7\u00e3o da Justi\u00e7a Ambiental, espa\u00e7o que reuniu lideran\u00e7as religiosas, gestoras p\u00fablicas e representantes da sociedade civil.<\/p>\n\n\n\n<p>\u2013 A gente tem essa liga\u00e7\u00e3o com a nossa ancestralidade, tem respeito, entende a preciosidade que foi com todas as dificuldades que nossos ancestrais tiveram para gente ter tido as casas de candombl\u00e9, as m\u00e3es e os pais de santo, nos trazendo reserva das nossas hist\u00f3rias porque isso \u00e9 que nos dar a possibilidade de entender porque precisamos entender e reafirmar sobre os nossos direitos \u2013 afirmou Anielle.<\/p>\n\n\n\n<p>Em seu discurso, Margareth Menezes tamb\u00e9m ressaltou a import\u00e2ncia da reconstru\u00e7\u00e3o do Minist\u00e9rio da Cultura e da Funda\u00e7\u00e3o Palmares, al\u00e9m da relev\u00e2ncia das a\u00e7\u00f5es afirmativas voltadas \u00e0 valoriza\u00e7\u00e3o das culturas afro-brasileira, ind\u00edgena e cigana.<\/p>\n\n\n\n<p>\u2013 A gente n\u00e3o deixa de defender esses direitos, porque a gente tem que entender o Brasil com essa diversidade humana que tem, mas principalmente nessa quest\u00e3o de fazer a repara\u00e7\u00e3o necess\u00e1ria, dentro do Minist\u00e9rio da Cultura estamos trabalhando dessa forma \u2013 falou.<\/p>\n\n\n\n<p>Janja mencionou o protagonismo feminino na defesa do meio ambiente e na luta clim\u00e1tica.<\/p>\n\n\n\n<p>\u2013 S\u00e3o as religi\u00f5es de matriz africana, e especialmente as mulheres, as grandes protetoras do meio ambiente e articuladoras de a\u00e7\u00f5es de adapta\u00e7\u00e3o \u00e0s mudan\u00e7as clim\u00e1ticas \u2013 afirmou.<\/p>\n\n\n\n<p>Foi anunciada a concess\u00e3o da honraria \u00e0 M\u00e3e Beata de Iemanj\u00e1 (Beatriz Moreira Costa), que \u00e9 uma das principais refer\u00eancias do candombl\u00e9 no pa\u00eds, t\u00edtulo concedido pelo Minist\u00e9rio da Igualdade Racial (MIR), como reconhecimento ao seu trabalho na promo\u00e7\u00e3o da igualdade e no fortalecimento das pol\u00edticas aos povos de terreiros. As informa\u00e7\u00f5es s\u00e3o do Minist\u00e9rio da Cultura.<\/p>\n","protected":false},"excerpt":{"rendered":"<p>Iniciando sua passagem pelo Rio de Janeiro, a ministra da Cultura, Margareth Menezes, participou, na quinta-feira (3), do lan\u00e7amento do Edital M\u00e3e Beata de Iemanj\u00e1, ao lado da primeira-dama, Janja Lula da Silva, e da ministra da Igualdade Racial, Anielle Franco. A cerim\u00f4nia foi realizada no terreiro Il\u00ea Ax\u00e9 Omi\u00f3juar\u00f4, em Nova Igua\u00e7u (RJ). O [&hellip;]<\/p>\n","protected":false},"author":2,"featured_media":22097,"comment_status":"open","ping_status":"open","sticky":false,"template":"","format":"standard","meta":[],"categories":[10],"tags":[],"_links":{"self":[{"href":"https:\/\/dgospel.com.br\/portal\/index.php\/wp-json\/wp\/v2\/posts\/22096"}],"collection":[{"href":"https:\/\/dgospel.com.br\/portal\/index.php\/wp-json\/wp\/v2\/posts"}],"about":[{"href":"https:\/\/dgospel.com.br\/portal\/index.php\/wp-json\/wp\/v2\/types\/post"}],"author":[{"embeddable":true,"href":"https:\/\/dgospel.com.br\/portal\/index.php\/wp-json\/wp\/v2\/users\/2"}],"replies":[{"embeddable":true,"href":"https:\/\/dgospel.com.br\/portal\/index.php\/wp-json\/wp\/v2\/comments?post=22096"}],"version-history":[{"count":1,"href":"https:\/\/dgospel.com.br\/portal\/index.php\/wp-json\/wp\/v2\/posts\/22096\/revisions"}],"predecessor-version":[{"id":22098,"href":"https:\/\/dgospel.com.br\/portal\/index.php\/wp-json\/wp\/v2\/posts\/22096\/revisions\/22098"}],"wp:featuredmedia":[{"embeddable":true,"href":"https:\/\/dgospel.com.br\/portal\/index.php\/wp-json\/wp\/v2\/media\/22097"}],"wp:attachment":[{"href":"https:\/\/dgospel.com.br\/portal\/index.php\/wp-json\/wp\/v2\/media?parent=22096"}],"wp:term":[{"taxonomy":"category","embeddable":true,"href":"https:\/\/dgospel.com.br\/portal\/index.php\/wp-json\/wp\/v2\/categories?post=22096"},{"taxonomy":"post_tag","embeddable":true,"href":"https:\/\/dgospel.com.br\/portal\/index.php\/wp-json\/wp\/v2\/tags?post=22096"}],"curies":[{"name":"wp","href":"https:\/\/api.w.org\/{rel}","templated":true}]}}