{"id":22099,"date":"2025-07-14T11:15:50","date_gmt":"2025-07-14T14:15:50","guid":{"rendered":"https:\/\/dgospel.com.br\/portal\/?p=22099"},"modified":"2025-07-14T11:15:51","modified_gmt":"2025-07-14T14:15:51","slug":"ideia-de-moeda-comum-do-brics-foi-de-lula-diz-chanceler-russo","status":"publish","type":"post","link":"https:\/\/dgospel.com.br\/portal\/index.php\/2025\/07\/14\/ideia-de-moeda-comum-do-brics-foi-de-lula-diz-chanceler-russo\/","title":{"rendered":"Ideia de moeda comum do Brics foi de Lula, diz chanceler russo"},"content":{"rendered":"\n<p>Voltou a circular na imprensa a entrevista que o ministro das Rela\u00e7\u00f5es Exteriores da R\u00fassia, Sergei Lavrov, concedeu em novembro de 2024 \u00e0 TV BRICS. Nela, ele declara que a ideia de uma moeda comum entre os pa\u00edses que comp\u00f5em o bloco econ\u00f4mico partiu do presidente Lula (PT).<\/p>\n\n\n\n<p>Segundo ele, a iniciativa de criar sistemas de pagamento alternativos ao d\u00f3lar foi apresentada para os representantes dos pa\u00edses do Brics durante a c\u00fapula de Joanesburgo em agosto de 2023.<\/p>\n\n\n\n<p>\u2013 Foi o presidente Lula da Silva, na c\u00fapula do Brics em Joanesburgo, no ano passado, que iniciou o debate trabalhado pela presid\u00eancia russa sobre sistemas de pagamento alternativos. Foi justamente em resposta a essa iniciativa registrada na Declara\u00e7\u00e3o de Joanesburgo que trabalharam com os ministros das Finan\u00e7as em colabora\u00e7\u00e3o com os presidentes dos bancos centrais \u2013 declarou o chanceler russo.<\/p>\n\n\n\n<p>E continuou:<\/p>\n\n\n\n<p>\u2013 Como j\u00e1 disse, houve progresso, mas \u00e9 preciso lev\u00e1-lo \u00e0 sua conclus\u00e3o l\u00f3gica para que surjam mecanismos prontos para serem usados. N\u00e3o tenho d\u00favidas de que nossos colegas brasileiros dedicar\u00e3o o m\u00e1ximo de energia a essa quest\u00e3o, considerando que essa \u00e9 uma iniciativa de seu presidente. Acredito que o pr\u00f3prio Lula garantir\u00e1 que essa quest\u00e3o seja uma das prioridades.<\/p>\n\n\n\n<p>A fala de Sergei Lavrov foi relembrada ap\u00f3s o presidente dos Estados Unidos, Donald Trump, amea\u00e7ar aplicar tarifas de 10% aos pa\u00edeses do Brics que tenta \u201cdestruir o d\u00f3lar para que outro pa\u00eds assuma a posi\u00e7\u00e3o e torne sua moeda o novo padr\u00e3o\u201d.<\/p>\n\n\n\n<p>Mesmo n\u00e3o considerando o Brics como \u201cuma amea\u00e7a s\u00e9ria\u201d, Trump declarou no \u00faltimo dia 8 que quem quiser contestar o d\u00f3lar ter\u00e1 que \u201cpagar um alto pre\u00e7o\u201d, al\u00e9m de declarar que o d\u00f3lar \u00e9 \u201crei\u201d e que vai \u201cmant\u00ea-lo assim\u201d.<\/p>\n\n\n\n<figure class=\"wp-block-embed is-type-video is-provider-youtube wp-block-embed-youtube wp-embed-aspect-16-9 wp-has-aspect-ratio\"><div class=\"wp-block-embed__wrapper\">\n<iframe loading=\"lazy\" title=\"Ecos de Kazan - entrevista exclusiva de Lavrov \u00e0 TV BRICS\" width=\"630\" height=\"354\" src=\"https:\/\/www.youtube.com\/embed\/Ya7iZ2uwBtQ?start=1275&#038;feature=oembed\" frameborder=\"0\" allow=\"accelerometer; autoplay; clipboard-write; encrypted-media; gyroscope; picture-in-picture; web-share\" referrerpolicy=\"strict-origin-when-cross-origin\" allowfullscreen><\/iframe>\n<\/div><\/figure>\n","protected":false},"excerpt":{"rendered":"<p>Voltou a circular na imprensa a entrevista que o ministro das Rela\u00e7\u00f5es Exteriores da R\u00fassia, Sergei Lavrov, concedeu em novembro de 2024 \u00e0 TV BRICS. Nela, ele declara que a ideia de uma moeda comum entre os pa\u00edses que comp\u00f5em o bloco econ\u00f4mico partiu do presidente Lula (PT). Segundo ele, a iniciativa de criar sistemas [&hellip;]<\/p>\n","protected":false},"author":2,"featured_media":22100,"comment_status":"open","ping_status":"open","sticky":false,"template":"","format":"standard","meta":[],"categories":[12,16],"tags":[],"_links":{"self":[{"href":"https:\/\/dgospel.com.br\/portal\/index.php\/wp-json\/wp\/v2\/posts\/22099"}],"collection":[{"href":"https:\/\/dgospel.com.br\/portal\/index.php\/wp-json\/wp\/v2\/posts"}],"about":[{"href":"https:\/\/dgospel.com.br\/portal\/index.php\/wp-json\/wp\/v2\/types\/post"}],"author":[{"embeddable":true,"href":"https:\/\/dgospel.com.br\/portal\/index.php\/wp-json\/wp\/v2\/users\/2"}],"replies":[{"embeddable":true,"href":"https:\/\/dgospel.com.br\/portal\/index.php\/wp-json\/wp\/v2\/comments?post=22099"}],"version-history":[{"count":1,"href":"https:\/\/dgospel.com.br\/portal\/index.php\/wp-json\/wp\/v2\/posts\/22099\/revisions"}],"predecessor-version":[{"id":22101,"href":"https:\/\/dgospel.com.br\/portal\/index.php\/wp-json\/wp\/v2\/posts\/22099\/revisions\/22101"}],"wp:featuredmedia":[{"embeddable":true,"href":"https:\/\/dgospel.com.br\/portal\/index.php\/wp-json\/wp\/v2\/media\/22100"}],"wp:attachment":[{"href":"https:\/\/dgospel.com.br\/portal\/index.php\/wp-json\/wp\/v2\/media?parent=22099"}],"wp:term":[{"taxonomy":"category","embeddable":true,"href":"https:\/\/dgospel.com.br\/portal\/index.php\/wp-json\/wp\/v2\/categories?post=22099"},{"taxonomy":"post_tag","embeddable":true,"href":"https:\/\/dgospel.com.br\/portal\/index.php\/wp-json\/wp\/v2\/tags?post=22099"}],"curies":[{"name":"wp","href":"https:\/\/api.w.org\/{rel}","templated":true}]}}