{"id":22102,"date":"2025-07-14T11:19:12","date_gmt":"2025-07-14T14:19:12","guid":{"rendered":"https:\/\/dgospel.com.br\/portal\/?p=22102"},"modified":"2025-07-14T11:19:13","modified_gmt":"2025-07-14T14:19:13","slug":"justica-determina-remocao-de-videos-com-ofensas-a-michelle-bolsonaro-no-instagram","status":"publish","type":"post","link":"https:\/\/dgospel.com.br\/portal\/index.php\/2025\/07\/14\/justica-determina-remocao-de-videos-com-ofensas-a-michelle-bolsonaro-no-instagram\/","title":{"rendered":"Justi\u00e7a determina remo\u00e7\u00e3o de v\u00eddeos com ofensas a Michelle Bolsonaro no Instagram"},"content":{"rendered":"\n<p>O desembargador \u00c1lvaro Ciarlini, do Tribunal de Justi\u00e7a do Distrito Federal e dos Territ\u00f3rios (TJDFT), determinou\u00a0 a retirada de dois v\u00eddeos publicados no Instagram com ofensas dirigidas \u00e0 ex-primeira-dama Michelle Bolsonaro. A decis\u00e3o atende a recurso da defesa da ex-primeira-dama e imp\u00f5e prazo de 48 horas para a remo\u00e7\u00e3o do conte\u00fado, sob pena de multa di\u00e1ria de R$ 5 mil, limitada a R$ 300 mil.<\/p>\n\n\n\n<p>Nos v\u00eddeos, originalmente veiculados durante um podcast transmitido no YouTube e posteriormente replicados no Instagram, os influenciadores Teonia Mikaelly Pereira de Sousa e Francisco Ieldyson de Paiva Vasconcelos fazem afirma\u00e7\u00f5es associando Michelle \u00e0 prostitui\u00e7\u00e3o e mencionam supostos antecedentes criminais de familiares. A decis\u00e3o, no entanto, restringe-se ao conte\u00fado publicado no Instagram, sob responsabilidade dos perfis \u201c@ielcast\u201d, \u201c@theoniapereira\u201d e \u201c@cachorro.pi\u201d.<\/p>\n\n\n\n<p>Ao justificar a medida, o desembargador considerou que as declara\u00e7\u00f5es extrapolam os limites da liberdade de express\u00e3o e apresentam \u201cdiscurso carregado de conte\u00fado mis\u00f3gino e sexista\u201d. \u201cAs falas questionadas aparentemente t\u00eam o objetivo de agredir e atingir a esfera jur\u00eddica inc\u00f3lume da demandante\u201d, afirmou Ciarlini.<\/p>\n\n\n\n<p>Segundo ele, a remo\u00e7\u00e3o n\u00e3o configura censura pr\u00e9via, mas sim a interrup\u00e7\u00e3o de um abuso. O magistrado citou precedentes do Supremo Tribunal Federal (STF) para embasar o entendimento de que o direito \u00e0 honra, imagem e intimidade pode prevalecer diante de manifesta\u00e7\u00f5es ofensivas em ambiente digital.<\/p>\n\n\n\n<p>A decis\u00e3o da 2\u00aa inst\u00e2ncia reformou um posicionamento anterior da 1\u00aa Vara C\u00edvel de Bras\u00edlia, que havia negado o pedido liminar por considerar n\u00e3o haver urg\u00eancia ou risco de dano irrepar\u00e1vel. Para o desembargador, no entanto, a alta viraliza\u00e7\u00e3o dos v\u00eddeos \u2014 que somaram mais de 1,9 milh\u00e3o de visualiza\u00e7\u00f5es em menos de um m\u00eas \u2014 amplia os preju\u00edzos \u00e0 imagem da ex-primeira-dama.<\/p>\n\n\n\n<p>A Meta, controladora do Instagram, tamb\u00e9m foi acionada judicialmente e dever\u00e1 cumprir a decis\u00e3o no prazo estipulado. O magistrado ainda n\u00e3o descartou a possibilidade de san\u00e7\u00f5es penais por eventual desobedi\u00eancia \u00e0 ordem.<\/p>\n","protected":false},"excerpt":{"rendered":"<p>O desembargador \u00c1lvaro Ciarlini, do Tribunal de Justi\u00e7a do Distrito Federal e dos Territ\u00f3rios (TJDFT), determinou\u00a0 a retirada de dois v\u00eddeos publicados no Instagram com ofensas dirigidas \u00e0 ex-primeira-dama Michelle Bolsonaro. A decis\u00e3o atende a recurso da defesa da ex-primeira-dama e imp\u00f5e prazo de 48 horas para a remo\u00e7\u00e3o do conte\u00fado, sob pena de multa [&hellip;]<\/p>\n","protected":false},"author":2,"featured_media":22103,"comment_status":"open","ping_status":"open","sticky":false,"template":"","format":"standard","meta":[],"categories":[4],"tags":[13],"_links":{"self":[{"href":"https:\/\/dgospel.com.br\/portal\/index.php\/wp-json\/wp\/v2\/posts\/22102"}],"collection":[{"href":"https:\/\/dgospel.com.br\/portal\/index.php\/wp-json\/wp\/v2\/posts"}],"about":[{"href":"https:\/\/dgospel.com.br\/portal\/index.php\/wp-json\/wp\/v2\/types\/post"}],"author":[{"embeddable":true,"href":"https:\/\/dgospel.com.br\/portal\/index.php\/wp-json\/wp\/v2\/users\/2"}],"replies":[{"embeddable":true,"href":"https:\/\/dgospel.com.br\/portal\/index.php\/wp-json\/wp\/v2\/comments?post=22102"}],"version-history":[{"count":1,"href":"https:\/\/dgospel.com.br\/portal\/index.php\/wp-json\/wp\/v2\/posts\/22102\/revisions"}],"predecessor-version":[{"id":22104,"href":"https:\/\/dgospel.com.br\/portal\/index.php\/wp-json\/wp\/v2\/posts\/22102\/revisions\/22104"}],"wp:featuredmedia":[{"embeddable":true,"href":"https:\/\/dgospel.com.br\/portal\/index.php\/wp-json\/wp\/v2\/media\/22103"}],"wp:attachment":[{"href":"https:\/\/dgospel.com.br\/portal\/index.php\/wp-json\/wp\/v2\/media?parent=22102"}],"wp:term":[{"taxonomy":"category","embeddable":true,"href":"https:\/\/dgospel.com.br\/portal\/index.php\/wp-json\/wp\/v2\/categories?post=22102"},{"taxonomy":"post_tag","embeddable":true,"href":"https:\/\/dgospel.com.br\/portal\/index.php\/wp-json\/wp\/v2\/tags?post=22102"}],"curies":[{"name":"wp","href":"https:\/\/api.w.org\/{rel}","templated":true}]}}