{"id":22108,"date":"2025-07-14T11:35:30","date_gmt":"2025-07-14T14:35:30","guid":{"rendered":"https:\/\/dgospel.com.br\/portal\/?p=22108"},"modified":"2025-07-14T11:35:31","modified_gmt":"2025-07-14T14:35:31","slug":"tocantins-mantem-lideranca-nacional-na-evolucao-da-alfabetizacao-de-criancas-segundo-dados-do-governo-federal","status":"publish","type":"post","link":"https:\/\/dgospel.com.br\/portal\/index.php\/2025\/07\/14\/tocantins-mantem-lideranca-nacional-na-evolucao-da-alfabetizacao-de-criancas-segundo-dados-do-governo-federal\/","title":{"rendered":"Tocantins mant\u00e9m lideran\u00e7a nacional na evolu\u00e7\u00e3o da alfabetiza\u00e7\u00e3o de crian\u00e7as segundo dados do governo federal"},"content":{"rendered":"\n<p>O estado do Tocantins apresentou o maior crescimento proporcional do Brasil na alfabetiza\u00e7\u00e3o de crian\u00e7as na idade certa entre 2021 e 2024. O percentual de alunos alfabetizados no 2\u00ba ano do ensino fundamental saltou de 13,77% em 2021 para 50,07% em 2024, um avan\u00e7o de mais de 36 pontos percentuais e um crescimento proporcional de 263,6%, o maior entre todas as unidades da federa\u00e7\u00e3o. Os dados foram divulgados nessa sexta-feira, 11, pelo Minist\u00e9rio da Educa\u00e7\u00e3o (MEC), por meio do Instituto Nacional de Estudos e Pesquisas Educacionais An\u00edsio Teixeira (Inep).<\/p>\n\n\n\n<p>O resultado \u00e9 fruto do programa Alfabetiza Mais Tocantins, desenvolvido pelo Governo do Estado, em parceria com os munic\u00edpios, alinhado ao Compromisso Nacional Crian\u00e7a Alfabetizada (CNCA), pol\u00edtica priorit\u00e1ria do MEC, e ao Programa de Fortalecimento da Educa\u00e7\u00e3o (Profe).<\/p>\n\n\n\n<p>Al\u00e9m da lideran\u00e7a nacional em crescimento proporcional, o Tocantins tamb\u00e9m foi o \u00fanico estado da Regi\u00e3o Norte a atingir e superar a meta de alfabetiza\u00e7\u00e3o para 2024, estabelecida em 49,5%, alcan\u00e7ando 50,07% de crian\u00e7as alfabetizadas na idade certa, superando a meta e consolidando-se como refer\u00eancia regional.<\/p>\n\n\n\n<p>O governador do Tocantins, Wanderlei Barbosa, celebra o resultado como um reflexo direto da prioridade dada \u00e0 educa\u00e7\u00e3o p\u00fablica. \u201cVer o Tocantins liderar o Brasil em avan\u00e7o na alfabetiza\u00e7\u00e3o \u00e9 motivo de grande orgulho. Esse resultado mostra que estamos no caminho certo ao valorizar a educa\u00e7\u00e3o desde os primeiros anos escolares, com pol\u00edticas p\u00fablicas s\u00e9rias, professores engajados e apoio aos munic\u00edpios. Vamos seguir trabalhando para garantir dignidade e oportunidades para todas as nossas crian\u00e7as\u201d.<\/p>\n\n\n\n<p>O secret\u00e1rio de Estado da Educa\u00e7\u00e3o, F\u00e1bio Vaz, destaca o esfor\u00e7o conjunto de todas as equipes envolvidas. \u201cEssa conquista \u00e9 o resultado de um trabalho t\u00e9cnico, territorializado e colaborativo. Professores, coordenadores, gestores escolares e prefeituras municipais fizeram parte dessa trajet\u00f3ria. O Estado do Tocantins est\u00e1 mostrando que \u00e9 poss\u00edvel transformar a educa\u00e7\u00e3o com planejamento e compromisso\u201d.<\/p>\n\n\n\n<p>Ao comparar apenas os anos de 2023 e 2024, o Tocantins tamb\u00e9m se destaca. O estado avan\u00e7ou de 43,72% para 50,07% no percentual de crian\u00e7as alfabetizadas, um aumento de mais de seis pontos percentuais em apenas um ano. Esse salto representa um crescimento proporcional de 14,52%, o 4\u00ba maior do Brasil no per\u00edodo, atr\u00e1s apenas de Sergipe, Minas Gerais e Mato Grosso do Sul.<\/p>\n","protected":false},"excerpt":{"rendered":"<p>O estado do Tocantins apresentou o maior crescimento proporcional do Brasil na alfabetiza\u00e7\u00e3o de crian\u00e7as na idade certa entre 2021 e 2024. O percentual de alunos alfabetizados no 2\u00ba ano do ensino fundamental saltou de 13,77% em 2021 para 50,07% em 2024, um avan\u00e7o de mais de 36 pontos percentuais e um crescimento proporcional de [&hellip;]<\/p>\n","protected":false},"author":2,"featured_media":22109,"comment_status":"open","ping_status":"open","sticky":false,"template":"","format":"standard","meta":[],"categories":[3],"tags":[13],"_links":{"self":[{"href":"https:\/\/dgospel.com.br\/portal\/index.php\/wp-json\/wp\/v2\/posts\/22108"}],"collection":[{"href":"https:\/\/dgospel.com.br\/portal\/index.php\/wp-json\/wp\/v2\/posts"}],"about":[{"href":"https:\/\/dgospel.com.br\/portal\/index.php\/wp-json\/wp\/v2\/types\/post"}],"author":[{"embeddable":true,"href":"https:\/\/dgospel.com.br\/portal\/index.php\/wp-json\/wp\/v2\/users\/2"}],"replies":[{"embeddable":true,"href":"https:\/\/dgospel.com.br\/portal\/index.php\/wp-json\/wp\/v2\/comments?post=22108"}],"version-history":[{"count":1,"href":"https:\/\/dgospel.com.br\/portal\/index.php\/wp-json\/wp\/v2\/posts\/22108\/revisions"}],"predecessor-version":[{"id":22110,"href":"https:\/\/dgospel.com.br\/portal\/index.php\/wp-json\/wp\/v2\/posts\/22108\/revisions\/22110"}],"wp:featuredmedia":[{"embeddable":true,"href":"https:\/\/dgospel.com.br\/portal\/index.php\/wp-json\/wp\/v2\/media\/22109"}],"wp:attachment":[{"href":"https:\/\/dgospel.com.br\/portal\/index.php\/wp-json\/wp\/v2\/media?parent=22108"}],"wp:term":[{"taxonomy":"category","embeddable":true,"href":"https:\/\/dgospel.com.br\/portal\/index.php\/wp-json\/wp\/v2\/categories?post=22108"},{"taxonomy":"post_tag","embeddable":true,"href":"https:\/\/dgospel.com.br\/portal\/index.php\/wp-json\/wp\/v2\/tags?post=22108"}],"curies":[{"name":"wp","href":"https:\/\/api.w.org\/{rel}","templated":true}]}}