{"id":2211,"date":"2019-01-04T11:33:21","date_gmt":"2019-01-04T13:33:21","guid":{"rendered":"http:\/\/dgospel.com.br\/portal\/?p=2211"},"modified":"2019-01-04T11:33:21","modified_gmt":"2019-01-04T13:33:21","slug":"deputados-evangelicos-elogiam-bolsonaro-e-dizem-que-luta-lgbt-e-de-esquerda","status":"publish","type":"post","link":"https:\/\/dgospel.com.br\/portal\/index.php\/2019\/01\/04\/deputados-evangelicos-elogiam-bolsonaro-e-dizem-que-luta-lgbt-e-de-esquerda\/","title":{"rendered":"Deputados evang\u00e9licos elogiam Bolsonaro e dizem que luta LGBT \u00e9 de esquerda"},"content":{"rendered":"<p>No primeiro dia de governo, o presidente Jair Bolsonaro (PSL) n\u00e3o incluiu o termo LGBT na medida provis\u00f3ria que fixou as diretrizes do Minist\u00e9rio dos Direitos Humanos. Nesta quinta (3), ao escrever no Twitter que nenhum indiv\u00edduo perder\u00e1 seus direitos, disse que pretende livrar da &#8220;escravid\u00e3o pol\u00edtica&#8221; muitos brasileiros\u00a0que &#8220;foram usados como massa de manobra&#8221;, sem citar nenhum grupo espec\u00edfico.<\/p>\n<p data-aria-label-part=\"0\">As atitudes t\u00eam apoio de parlamentares da ala evang\u00e9lica da C\u00e2mara dos Deputados, apoiadora do presidente.\u00a0Membro da Assembleia de Deus, o deputado federal S\u00f3stenes Cavalcante (DEM\/RJ) afirmou\u00a0que a omiss\u00e3o \u00e9 justa porque h\u00e1 um &#8220;vi\u00e9s pol\u00edtico ideol\u00f3gico de esquerda&#8221; nos movimentos que trabalham por homossexuais.<\/p>\n<p>&#8220;LGBT \u00e9 um movimento pol\u00edtico ideol\u00f3gico de esquerda. Entendo que o presidente acertou na medida provis\u00f3ria ao\u00a0excluir o termo. Ele falou que n\u00e3o faria pol\u00edtica com vi\u00e9s ideol\u00f3gico. Estranho se tivesse posi\u00e7\u00e3o diferente&#8221;, disse.<\/p>\n<p>O Pastor Eurico (Patriota\/PE) foi ainda mais contundente ao classificar as lideran\u00e7as dos movimentos LGBT. &#8220;Pessoas por tr\u00e1s s\u00e3o pessoas esquerdoman\u00edacos, esquerdopatas. Defendo a posi\u00e7\u00e3o (do presidente)&#8221;.<\/p>\n<p>Lincoln Portela (PR\/MG) fez coro e vinculou\u00a0os defensores da causa a partidos de oposi\u00e7\u00e3o ao presidente. &#8220;O ativismo LGBT apoiava governos de esquerda. Isto \u00e9 not\u00f3rio&#8221;.<\/p>\n<p>Bolsonaro abordou a situa\u00e7\u00e3o em dois posts na tarde de quinta-feira. Primeiro, escreveu que n\u00e3o haver\u00e1 mudan\u00e7as nas diretrizes do Minist\u00e9rio dos Direitos Humanos.<\/p>\n<p>&nbsp;<\/p>\n<p>\u201cN\u00e3o haver\u00e1 abandono de aux\u00edlio a qualquer indiv\u00edduo nas diretrizes de Direitos Humanos. A Secretaria Nacional da Fam\u00edlia, Secretaria Nacional de Prote\u00e7\u00e3o Global e o Conselho Nacional de Combate \u00e0 Discrimina\u00e7\u00e3o ficar\u00e3o respons\u00e1veis por este papel\u201d, escreveu o presidnte.<\/p>\n<p>&nbsp;<\/p>\n<p>Na sequ\u00eancia, escreveu que pessoas foram usadas como &#8220;massa de manobra&#8221; e que pretende uma liberta\u00e7\u00e3o pol\u00edtica desta popula\u00e7\u00e3o.<\/p>\n<p>\u201cPor muito tempo, muitos brasileiros foram usados como massa de manobra. Perderam sua valiosa individualidade para se tornarem objeto e fonte de renda de pol\u00edticos. A mudan\u00e7a visa libert\u00e1-los da escravid\u00e3o pol\u00edtica a fim de devolv\u00ea-los o direito de representarem a si mesmos\u201d, escreveu.<\/p>\n<h3><strong><br \/>\n<\/strong><strong>Embates continuar\u00e3o no governo Bolsonaro<\/strong><\/h3>\n<p>O deputado\u00a0S\u00f3stenes Cavalcante acredita que embates por causa deste tema v\u00e3o se repetir durante o governo de Jair Bolsonaro. Justifica que o &#8220;vi\u00e9s ideol\u00f3gico&#8221; faz os l\u00edderes de movimentos LGBT se manifestarem, o que considera leg\u00edtimo. A defesa das medidas por parte dos deputados que apoiam o presidente tamb\u00e9m \u00e9 vista como natural por ele.<\/p>\n<p>Da mesma maneira, Pastor Eurico argumenta que muitos pol\u00edticos da esquerda usaram e continuar\u00e3o usando homossexuais com fins eleitorais e prev\u00ea que a atitude se manter\u00e1 para preservar o espa\u00e7o. Para o deputado,\u00a0opositores far\u00e3o de tudo para atrapalhar a administra\u00e7\u00e3o Bolsonaro.<\/p>\n<p>&#8220;Essas pessoas v\u00e3o continuar fazendo barulho. A meta \u00e9 enfraquecer o governo. V\u00e3o lutar para que d\u00ea tudo errado. Enquanto pior, melhor para eles&#8221;.<\/p>\n<p>Em conson\u00e2ncia com as mensagens de Bolsonaro, o\u00a0deputado federal Lincoln Portela afirma que n\u00e3o haver\u00e1 diminui\u00e7\u00e3o de direitos. Ele diz esperar tratamento igual para heterossexuais,\u00a0homossexuais, bissexuais e transexuais. Para o deputado, nem mesmo uma acomoda\u00e7\u00e3o ao centro acabar\u00e1 com o que ele classifica como &#8220;bols\u00f5es eleitorais&#8221;.<\/p>\n<p>&#8220;N\u00e3o adianta, bols\u00f5es sempre existir\u00e3o em todos os pa\u00edses democr\u00e1ticos e que tem diferen\u00e7as a serem tratadas&#8221;.<\/p>\n<p>Fonte: UOL<\/p>\n","protected":false},"excerpt":{"rendered":"<p>No primeiro dia de governo, o presidente Jair Bolsonaro (PSL) n\u00e3o incluiu o termo LGBT na medida provis\u00f3ria que fixou as diretrizes do Minist\u00e9rio dos Direitos Humanos. Nesta quinta (3), ao escrever no Twitter que nenhum indiv\u00edduo perder\u00e1 seus direitos, disse que pretende livrar da &#8220;escravid\u00e3o pol\u00edtica&#8221; muitos brasileiros\u00a0que &#8220;foram usados como massa de manobra&#8221;, [&hellip;]<\/p>\n","protected":false},"author":2,"featured_media":2212,"comment_status":"open","ping_status":"open","sticky":false,"template":"","format":"standard","meta":[],"categories":[2,5,6],"tags":[],"_links":{"self":[{"href":"https:\/\/dgospel.com.br\/portal\/index.php\/wp-json\/wp\/v2\/posts\/2211"}],"collection":[{"href":"https:\/\/dgospel.com.br\/portal\/index.php\/wp-json\/wp\/v2\/posts"}],"about":[{"href":"https:\/\/dgospel.com.br\/portal\/index.php\/wp-json\/wp\/v2\/types\/post"}],"author":[{"embeddable":true,"href":"https:\/\/dgospel.com.br\/portal\/index.php\/wp-json\/wp\/v2\/users\/2"}],"replies":[{"embeddable":true,"href":"https:\/\/dgospel.com.br\/portal\/index.php\/wp-json\/wp\/v2\/comments?post=2211"}],"version-history":[{"count":1,"href":"https:\/\/dgospel.com.br\/portal\/index.php\/wp-json\/wp\/v2\/posts\/2211\/revisions"}],"predecessor-version":[{"id":2213,"href":"https:\/\/dgospel.com.br\/portal\/index.php\/wp-json\/wp\/v2\/posts\/2211\/revisions\/2213"}],"wp:featuredmedia":[{"embeddable":true,"href":"https:\/\/dgospel.com.br\/portal\/index.php\/wp-json\/wp\/v2\/media\/2212"}],"wp:attachment":[{"href":"https:\/\/dgospel.com.br\/portal\/index.php\/wp-json\/wp\/v2\/media?parent=2211"}],"wp:term":[{"taxonomy":"category","embeddable":true,"href":"https:\/\/dgospel.com.br\/portal\/index.php\/wp-json\/wp\/v2\/categories?post=2211"},{"taxonomy":"post_tag","embeddable":true,"href":"https:\/\/dgospel.com.br\/portal\/index.php\/wp-json\/wp\/v2\/tags?post=2211"}],"curies":[{"name":"wp","href":"https:\/\/api.w.org\/{rel}","templated":true}]}}