{"id":22111,"date":"2025-07-14T11:38:10","date_gmt":"2025-07-14T14:38:10","guid":{"rendered":"https:\/\/dgospel.com.br\/portal\/?p=22111"},"modified":"2025-07-14T11:38:11","modified_gmt":"2025-07-14T14:38:11","slug":"governo-do-tocantins-reforca-acoes-de-prevencao-as-queimadas-e-mobiliza-mais-de-11-mil-pessoas-por-meio-das-acoes-do-foco-no-fogo-2025","status":"publish","type":"post","link":"https:\/\/dgospel.com.br\/portal\/index.php\/2025\/07\/14\/governo-do-tocantins-reforca-acoes-de-prevencao-as-queimadas-e-mobiliza-mais-de-11-mil-pessoas-por-meio-das-acoes-do-foco-no-fogo-2025\/","title":{"rendered":"Governo do Tocantins refor\u00e7a a\u00e7\u00f5es de preven\u00e7\u00e3o as queimadas e mobiliza mais de 11 mil pessoas por meio das a\u00e7\u00f5es do Foco no Fogo 2025"},"content":{"rendered":"\n<p>O Governo do Tocantins, por meio da Secretaria do Meio Ambiente e Recursos H\u00eddricos (Semarh), com o apoio do Comit\u00ea Estadual de Combate aos Inc\u00eandios Florestais e Controle de Queimadas (Comit\u00ea do Fogo), segue intensificando as a\u00e7\u00f5es do projeto&nbsp;<em>Foco no Fogo<\/em>&nbsp;2025, concentrando a\u00e7\u00f5es de preven\u00e7\u00e3o, educa\u00e7\u00e3o ambiental e mobiliza\u00e7\u00e3o comunit\u00e1ria em \u00e1reas estrat\u00e9gicas do estado.<br><br>Somente no primeiro semestre, foram realizadas 1.809 a\u00e7\u00f5es em 37 munic\u00edpios tocantinenses, com a participa\u00e7\u00e3o ativa de 13 institui\u00e7\u00f5es parceiras, entre elas o Corpo de Bombeiros Militar do Tocantins (CBMTO), Instituto Natureza do Tocantins (Naturatins), Instituto Brasileiro do Meio Ambiente e dos Recursos Naturais Renov\u00e1veis (Ibama), Defesa Civil Estadual, Ex\u00e9rcito Brasileiro, Energisa Tocantins e o Departamento Estadual de Tr\u00e2nsito do Tocantins (Detran\/TO).<br><br>As atividades incluem 1.777 visitas a propriedades rurais e 32 palestras educativas, impactando diretamente 11.811 pessoas em regi\u00f5es com maior risco ambiental e social, como os munic\u00edpios de Caseara, Angico, Lagoa da Confus\u00e3o, Tocant\u00ednia e Santa F\u00e9 do Araguaia. O projeto concentra esfor\u00e7os em comunidades vulner\u00e1veis e historicamente mais atingidas por focos de calor, buscando fortalecer a conscientiza\u00e7\u00e3o ambiental e reduzir os riscos por meio do di\u00e1logo direto com moradores, distribui\u00e7\u00e3o de materiais informativos e a\u00e7\u00f5es educativas.<\/p>\n\n\n\n<p>\u201cChegamos \u00e0s comunidades, ouvimos as pessoas e sensibilizamos sobre os riscos do uso do fogo. \u00c9 um trabalho que transforma realidades. O projeto cresce ano ap\u00f3s ano e refor\u00e7a a import\u00e2ncia da educa\u00e7\u00e3o ambiental como ferramenta para mudar comportamentos e proteger nosso Cerrado\u201d, destaca a diretora de Educa\u00e7\u00e3o Ambiental para Sustentabilidade da Semarh, Erliette Gadotti.<br><br>De acordo com dados levantados pelas equipes de campo, 56,47% das propriedades visitadas ainda n\u00e3o possuem aceiros e 53,2% apresentam vegeta\u00e7\u00e3o com risco potencial de combust\u00e3o. Outro dado relevante \u00e9 que apenas 28,89% das pessoas abordadas afirmaram j\u00e1 ter recebido algum tipo de treinamento sobre preven\u00e7\u00e3o de inc\u00eandios florestais.<br><br>Ainda a pesquisa levantou que entre as causas mais apontadas para os focos de inc\u00eandio est\u00e3o: a\u00e7\u00f5es criminosas (228 casos), atitudes de vizinhos (93) e motivos diversos (490).<\/p>\n","protected":false},"excerpt":{"rendered":"<p>O Governo do Tocantins, por meio da Secretaria do Meio Ambiente e Recursos H\u00eddricos (Semarh), com o apoio do Comit\u00ea Estadual de Combate aos Inc\u00eandios Florestais e Controle de Queimadas (Comit\u00ea do Fogo), segue intensificando as a\u00e7\u00f5es do projeto&nbsp;Foco no Fogo&nbsp;2025, concentrando a\u00e7\u00f5es de preven\u00e7\u00e3o, educa\u00e7\u00e3o ambiental e mobiliza\u00e7\u00e3o comunit\u00e1ria em \u00e1reas estrat\u00e9gicas do estado. [&hellip;]<\/p>\n","protected":false},"author":2,"featured_media":22112,"comment_status":"open","ping_status":"open","sticky":false,"template":"","format":"standard","meta":[],"categories":[3],"tags":[13],"_links":{"self":[{"href":"https:\/\/dgospel.com.br\/portal\/index.php\/wp-json\/wp\/v2\/posts\/22111"}],"collection":[{"href":"https:\/\/dgospel.com.br\/portal\/index.php\/wp-json\/wp\/v2\/posts"}],"about":[{"href":"https:\/\/dgospel.com.br\/portal\/index.php\/wp-json\/wp\/v2\/types\/post"}],"author":[{"embeddable":true,"href":"https:\/\/dgospel.com.br\/portal\/index.php\/wp-json\/wp\/v2\/users\/2"}],"replies":[{"embeddable":true,"href":"https:\/\/dgospel.com.br\/portal\/index.php\/wp-json\/wp\/v2\/comments?post=22111"}],"version-history":[{"count":1,"href":"https:\/\/dgospel.com.br\/portal\/index.php\/wp-json\/wp\/v2\/posts\/22111\/revisions"}],"predecessor-version":[{"id":22113,"href":"https:\/\/dgospel.com.br\/portal\/index.php\/wp-json\/wp\/v2\/posts\/22111\/revisions\/22113"}],"wp:featuredmedia":[{"embeddable":true,"href":"https:\/\/dgospel.com.br\/portal\/index.php\/wp-json\/wp\/v2\/media\/22112"}],"wp:attachment":[{"href":"https:\/\/dgospel.com.br\/portal\/index.php\/wp-json\/wp\/v2\/media?parent=22111"}],"wp:term":[{"taxonomy":"category","embeddable":true,"href":"https:\/\/dgospel.com.br\/portal\/index.php\/wp-json\/wp\/v2\/categories?post=22111"},{"taxonomy":"post_tag","embeddable":true,"href":"https:\/\/dgospel.com.br\/portal\/index.php\/wp-json\/wp\/v2\/tags?post=22111"}],"curies":[{"name":"wp","href":"https:\/\/api.w.org\/{rel}","templated":true}]}}