{"id":22114,"date":"2025-07-14T22:44:25","date_gmt":"2025-07-15T01:44:25","guid":{"rendered":"https:\/\/dgospel.com.br\/portal\/?p=22114"},"modified":"2025-07-14T22:44:25","modified_gmt":"2025-07-15T01:44:25","slug":"convencao-ciadseta-consolida-gipao-para-as-eleicoes-de-2026-durante-a-89o-ago","status":"publish","type":"post","link":"https:\/\/dgospel.com.br\/portal\/index.php\/2025\/07\/14\/convencao-ciadseta-consolida-gipao-para-as-eleicoes-de-2026-durante-a-89o-ago\/","title":{"rendered":"Conven\u00e7\u00e3o Ciadseta consolida Gip\u00e3o para as elei\u00e7\u00f5es de 2026 durante a 89\u00ba AGO"},"content":{"rendered":"\n<p>O deputado estadual Gip\u00e3o n\u00e3o abriu m\u00e3o de participar da 89\u00aa Assembleia Geral Ordin\u00e1ria (AGO) da Ciadseta, que aconteceu na cidade de Araguatins entre os dias 9 e 12 de julho. O evento j\u00e1 deu o tom do posicionamento da igreja em rela\u00e7\u00e3o aos nomes pol\u00edticos que v\u00e3o represent\u00e1-la na campanha eleitoral de 2026.<\/p>\n\n\n\n<p>Entre as diversas pautas discutidas entre os convencionais, a c\u00fapula deliberou sobre a continuidade do projeto pol\u00edtico da Ciadseta: deputado estadual Gip\u00e3o e federal Eli Borges.<\/p>\n\n\n\n<p>\u201cO irm\u00e3o Gip\u00e3o \u00e9 homem crente e est\u00e1 fazendo um bom trabalho no parlamento tocantinense\u2026 tem apresentado boas propostas. Mas eu entendo que n\u00f3s esperamos 30 anos para ocupar essa cadeira que o Gip\u00e3o t\u00e1 sentado nela e n\u00f3s n\u00e3o podemos errar; temos que continuar com essa cadeira ocupada no parlamento do estado do Tocantins\u201d, disse o pastor Ant\u00f4nio Xavier, 1\u00ba vice-presidente da conven\u00e7\u00e3o.<\/p>\n\n\n\n<p>A fala do l\u00edder da Assembleia de Deus Ciadseta Palmas Centro s\u00f3 complementou o que prop\u00f4s o pr\u00f3prio Pr. Paulo Martins.<\/p>\n\n\n\n<p>\u201cA proposta que trago \u00e9 que tenhamos um \u00fanico candidato a deputado estadual (Gip\u00e3o) e um \u00fanico candidato a deputado federal (Eli Borges) oficiais da nossa conven\u00e7\u00e3o\u2026 A gente vai trabalhar para que eles sejam eleitos e muito bem votados nessa elei\u00e7\u00e3o do pr\u00f3ximo ano\u201d, afirmou presidente da Ciadseta.<\/p>\n\n\n\n<p>O parlamentar agradeceu e se prontificou a representar a institui\u00e7\u00e3o religiosa e toda a comunidade crist\u00e3 em um poss\u00edvel segundo mandato.<\/p>\n\n\n\n<p>\u201cMe sinto honrado, em contar com a confian\u00e7a dos meus pastores, Paulo Martins e Ant\u00f4nio Xavier. \u00c9 importante que os nossos irm\u00e3os da igreja tenham o entendimento claro de que este \u00e9 o projeto pol\u00edtico da Conven\u00e7\u00e3o Ciadseta e que eu, como filho de pastor e membro desta igreja h\u00e1 tantos anos, estou aqui para servir. Nesse primeiro mandato, estou usando meu posto na Assembleia Legislativa, para dar voz aos evang\u00e9licos, refor\u00e7ando a cultura crist\u00e3 e criando uma ponte entre os pastores e o poder p\u00fablico. Precisamos dar continuidade a isso\u201d, disse o deputado Gip\u00e3o.<\/p>\n\n\n\n<p>Araguatins volta a sediar esse importante evento da conven\u00e7\u00e3o ap\u00f3s 7 anos. Quem recebe o ajuntamento de lideran\u00e7as: ministros, esposas, filhos, lideran\u00e7as religiosas e autoridades de todas as regi\u00f5es do Tocantins, \u00e9 o Pr. Josivaldo Silva dos Santos e a Mission\u00e1ria Ilma Aguiar Brito dos Santos.<\/p>\n\n\n\n<p>A programa\u00e7\u00e3o conta com plen\u00e1rias ministeriais e atividades espec\u00edficas para todas as faixas et\u00e1rias, como a Unikids (crian\u00e7as), Uniteens (adolescentes), Unifilhos (jovens), Uemads (senhoras), al\u00e9m de plataformas de ensino voltadas para obreiros e ministros. \u00c0 noite, os cultos devocionais s\u00e3o abertos ao p\u00fablico, realizados na Quadra Poliesportiva da Escola Estadual de Tempo Integral Professora Oneide da Cruz Mousinho, com entrada franca.<\/p>\n\n\n\n<p>Entre as autoridades pol\u00edticas presentes na programa\u00e7\u00e3o, destacam-se o presidente da Assembleia Legislativa do Tocantins, deputado Am\u00e9lio Cayres e o deputado federal Eli Borges, al\u00e9m do pr\u00f3prio deputado estadual Gip\u00e3o.<\/p>\n","protected":false},"excerpt":{"rendered":"<p>O deputado estadual Gip\u00e3o n\u00e3o abriu m\u00e3o de participar da 89\u00aa Assembleia Geral Ordin\u00e1ria (AGO) da Ciadseta, que aconteceu na cidade de Araguatins entre os dias 9 e 12 de julho. O evento j\u00e1 deu o tom do posicionamento da igreja em rela\u00e7\u00e3o aos nomes pol\u00edticos que v\u00e3o represent\u00e1-la na campanha eleitoral de 2026. Entre [&hellip;]<\/p>\n","protected":false},"author":2,"featured_media":22115,"comment_status":"open","ping_status":"open","sticky":false,"template":"","format":"standard","meta":[],"categories":[4],"tags":[13],"_links":{"self":[{"href":"https:\/\/dgospel.com.br\/portal\/index.php\/wp-json\/wp\/v2\/posts\/22114"}],"collection":[{"href":"https:\/\/dgospel.com.br\/portal\/index.php\/wp-json\/wp\/v2\/posts"}],"about":[{"href":"https:\/\/dgospel.com.br\/portal\/index.php\/wp-json\/wp\/v2\/types\/post"}],"author":[{"embeddable":true,"href":"https:\/\/dgospel.com.br\/portal\/index.php\/wp-json\/wp\/v2\/users\/2"}],"replies":[{"embeddable":true,"href":"https:\/\/dgospel.com.br\/portal\/index.php\/wp-json\/wp\/v2\/comments?post=22114"}],"version-history":[{"count":1,"href":"https:\/\/dgospel.com.br\/portal\/index.php\/wp-json\/wp\/v2\/posts\/22114\/revisions"}],"predecessor-version":[{"id":22116,"href":"https:\/\/dgospel.com.br\/portal\/index.php\/wp-json\/wp\/v2\/posts\/22114\/revisions\/22116"}],"wp:featuredmedia":[{"embeddable":true,"href":"https:\/\/dgospel.com.br\/portal\/index.php\/wp-json\/wp\/v2\/media\/22115"}],"wp:attachment":[{"href":"https:\/\/dgospel.com.br\/portal\/index.php\/wp-json\/wp\/v2\/media?parent=22114"}],"wp:term":[{"taxonomy":"category","embeddable":true,"href":"https:\/\/dgospel.com.br\/portal\/index.php\/wp-json\/wp\/v2\/categories?post=22114"},{"taxonomy":"post_tag","embeddable":true,"href":"https:\/\/dgospel.com.br\/portal\/index.php\/wp-json\/wp\/v2\/tags?post=22114"}],"curies":[{"name":"wp","href":"https:\/\/api.w.org\/{rel}","templated":true}]}}