{"id":22117,"date":"2025-07-16T15:33:22","date_gmt":"2025-07-16T18:33:22","guid":{"rendered":"https:\/\/dgospel.com.br\/portal\/?p=22117"},"modified":"2025-07-16T15:33:23","modified_gmt":"2025-07-16T18:33:23","slug":"para-55-lula-provocou-trump-com-falas-no-brics-indica-quaest","status":"publish","type":"post","link":"https:\/\/dgospel.com.br\/portal\/index.php\/2025\/07\/16\/para-55-lula-provocou-trump-com-falas-no-brics-indica-quaest\/","title":{"rendered":"Para 55%, Lula provocou Trump com falas no Brics, indica Quaest"},"content":{"rendered":"\n<p>A pesquisa Genial\/Quaest divulgada nesta quarta-feira (16) revelou que 55% dos brasileiros consideram que o presidente&nbsp;<a href=\"http:\/\/pleno.news\/tag\/lula\" target=\"_blank\" rel=\"noreferrer noopener\">Lula<\/a>&nbsp;(PT) provocou o presidente dos Estados Unidos,&nbsp;<a href=\"http:\/\/pleno.news\/tag\/donald-trump\" target=\"_blank\" rel=\"noreferrer noopener\">Donald Trump<\/a>, ao critic\u00e1-lo durante a C\u00fapula do Brics, realizada no in\u00edcio do m\u00eas. Por outro lado, segundo o levantamento, 31% dos entrevistados acreditam que o petista n\u00e3o provocou o americano, enquanto 14% n\u00e3o souberam ou n\u00e3o responderam.<\/p>\n\n\n\n<p>Na c\u00fapula, Lula criticou Trump afirmando que o presidente norte-americano estava amea\u00e7ando outros pa\u00edses pelas redes sociais. As declara\u00e7\u00f5es do petista vieram ap\u00f3s Trump afirmar, em uma publica\u00e7\u00e3o na Truth Social, que taxaria em 10% os pa\u00edses que adotassem \u201cpol\u00edticas antiamericanas\u201d no \u00e2mbito do Brics.<\/p>\n\n\n\n<p>\u2013 O mundo mudou, n\u00e3o queremos imperador. N\u00f3s somos pa\u00edses soberanos. Se ele achar que ele pode taxar, os pa\u00edses t\u00eam o direito de taxar tamb\u00e9m. Existe a lei da reciprocidade. Eu achei muito equivocado e muito irrespons\u00e1vel um presidente ficar amea\u00e7ando os outros em redes digitais \u2013 disse o petista.<\/p>\n\n\n\n<p>Lula tamb\u00e9m comentou com jornalistas, no encerramento do encontro, que Trump n\u00e3o deveria dar \u201cpalpite\u201d sobre a pol\u00edtica brasileira, em resposta a outra declara\u00e7\u00e3o do republicano. Na ocasi\u00e3o, o presidente dos EUA havia acusado o Brasil de promover uma \u201cca\u00e7a \u00e0s bruxas\u201d contra o ex-presidente Jair Bolsonaro (PL).<\/p>\n\n\n\n<p>\u2013 Eu n\u00e3o vou comentar essa coisa do Trump e do Bolsonaro. Eu tenho coisa mais importante para comentar do que isso. Esse pa\u00eds tem lei, esse pa\u00eds tem regra e esse pa\u00eds tem um dono chamado povo brasileiro. Portanto, d\u00ea palpite na sua vida, mas n\u00e3o na nossa \u2013 completou.<\/p>\n\n\n\n<p>A pesquisa divulgada nesta quarta foi encomendada pela Genial Investimentos e realizada presencialmente entre os dias 10 e 14 de julho, com 2.004 eleitores em todas as regi\u00f5es do Brasil. A margem de erro \u00e9 de dois pontos percentuais para mais ou para menos, com um n\u00edvel de confian\u00e7a de 95%.<\/p>\n","protected":false},"excerpt":{"rendered":"<p>A pesquisa Genial\/Quaest divulgada nesta quarta-feira (16) revelou que 55% dos brasileiros consideram que o presidente&nbsp;Lula&nbsp;(PT) provocou o presidente dos Estados Unidos,&nbsp;Donald Trump, ao critic\u00e1-lo durante a C\u00fapula do Brics, realizada no in\u00edcio do m\u00eas. Por outro lado, segundo o levantamento, 31% dos entrevistados acreditam que o petista n\u00e3o provocou o americano, enquanto 14% n\u00e3o [&hellip;]<\/p>\n","protected":false},"author":2,"featured_media":22118,"comment_status":"open","ping_status":"open","sticky":false,"template":"","format":"standard","meta":[],"categories":[4],"tags":[],"_links":{"self":[{"href":"https:\/\/dgospel.com.br\/portal\/index.php\/wp-json\/wp\/v2\/posts\/22117"}],"collection":[{"href":"https:\/\/dgospel.com.br\/portal\/index.php\/wp-json\/wp\/v2\/posts"}],"about":[{"href":"https:\/\/dgospel.com.br\/portal\/index.php\/wp-json\/wp\/v2\/types\/post"}],"author":[{"embeddable":true,"href":"https:\/\/dgospel.com.br\/portal\/index.php\/wp-json\/wp\/v2\/users\/2"}],"replies":[{"embeddable":true,"href":"https:\/\/dgospel.com.br\/portal\/index.php\/wp-json\/wp\/v2\/comments?post=22117"}],"version-history":[{"count":1,"href":"https:\/\/dgospel.com.br\/portal\/index.php\/wp-json\/wp\/v2\/posts\/22117\/revisions"}],"predecessor-version":[{"id":22119,"href":"https:\/\/dgospel.com.br\/portal\/index.php\/wp-json\/wp\/v2\/posts\/22117\/revisions\/22119"}],"wp:featuredmedia":[{"embeddable":true,"href":"https:\/\/dgospel.com.br\/portal\/index.php\/wp-json\/wp\/v2\/media\/22118"}],"wp:attachment":[{"href":"https:\/\/dgospel.com.br\/portal\/index.php\/wp-json\/wp\/v2\/media?parent=22117"}],"wp:term":[{"taxonomy":"category","embeddable":true,"href":"https:\/\/dgospel.com.br\/portal\/index.php\/wp-json\/wp\/v2\/categories?post=22117"},{"taxonomy":"post_tag","embeddable":true,"href":"https:\/\/dgospel.com.br\/portal\/index.php\/wp-json\/wp\/v2\/tags?post=22117"}],"curies":[{"name":"wp","href":"https:\/\/api.w.org\/{rel}","templated":true}]}}