{"id":22129,"date":"2025-07-22T11:37:20","date_gmt":"2025-07-22T14:37:20","guid":{"rendered":"https:\/\/dgospel.com.br\/portal\/?p=22129"},"modified":"2025-07-22T11:37:21","modified_gmt":"2025-07-22T14:37:21","slug":"primeiro-ministro-da-hungria-expressa-apoio-a-jair-bolsonaro","status":"publish","type":"post","link":"https:\/\/dgospel.com.br\/portal\/index.php\/2025\/07\/22\/primeiro-ministro-da-hungria-expressa-apoio-a-jair-bolsonaro\/","title":{"rendered":"Primeiro-ministro da Hungria expressa apoio a Jair Bolsonaro"},"content":{"rendered":"\n<p>Nesta segunda-feira (21), o primeiro-ministro da Hungria, Viktor Orb\u00e1n, usou as redes sociais para manifestar apoio ao ex-presidente do Brasil, Jair Bolsonaro (PL). Ele criticou as medidas restritivas que foram impostas pelo ministro do Supremo Tribunal Federal (STF), Alexandre de Moraes, ao ex-chefe do Executivo.<\/p>\n\n\n\n<p>Segundo Orb\u00e1n, \u201cjulgamentos com motiva\u00e7\u00e3o pol\u00edtica s\u00e3o ferramentas de medo, n\u00e3o de Justi\u00e7a\u201d. Ele incentivou Bolsonaro a continuar lutando.<\/p>\n\n\n\n<p>\u2013 Continue lutando, @jairbolsonaro! Ordens de sil\u00eancio, proibi\u00e7\u00f5es de redes sociais e julgamentos com motiva\u00e7\u00e3o pol\u00edtica s\u00e3o ferramentas de medo, n\u00e3o de justi\u00e7a. Voc\u00ea pode colocar uma tornozeleira eletr\u00f4nica em um homem, mas n\u00e3o na vontade de uma na\u00e7\u00e3o! \u2013 escreveu Orb\u00e1n.<\/p>\n\n\n\n<figure class=\"wp-block-image\"><img src=\"https:\/\/static.cdn.pleno.news\/2025\/07\/Screenshot-1-8.png\" alt=\"\" class=\"wp-image-1538464\"\/><\/figure>\n","protected":false},"excerpt":{"rendered":"<p>Nesta segunda-feira (21), o primeiro-ministro da Hungria, Viktor Orb\u00e1n, usou as redes sociais para manifestar apoio ao ex-presidente do Brasil, Jair Bolsonaro (PL). Ele criticou as medidas restritivas que foram impostas pelo ministro do Supremo Tribunal Federal (STF), Alexandre de Moraes, ao ex-chefe do Executivo. Segundo Orb\u00e1n, \u201cjulgamentos com motiva\u00e7\u00e3o pol\u00edtica s\u00e3o ferramentas de medo, [&hellip;]<\/p>\n","protected":false},"author":2,"featured_media":22130,"comment_status":"open","ping_status":"open","sticky":false,"template":"","format":"standard","meta":[],"categories":[16],"tags":[],"_links":{"self":[{"href":"https:\/\/dgospel.com.br\/portal\/index.php\/wp-json\/wp\/v2\/posts\/22129"}],"collection":[{"href":"https:\/\/dgospel.com.br\/portal\/index.php\/wp-json\/wp\/v2\/posts"}],"about":[{"href":"https:\/\/dgospel.com.br\/portal\/index.php\/wp-json\/wp\/v2\/types\/post"}],"author":[{"embeddable":true,"href":"https:\/\/dgospel.com.br\/portal\/index.php\/wp-json\/wp\/v2\/users\/2"}],"replies":[{"embeddable":true,"href":"https:\/\/dgospel.com.br\/portal\/index.php\/wp-json\/wp\/v2\/comments?post=22129"}],"version-history":[{"count":1,"href":"https:\/\/dgospel.com.br\/portal\/index.php\/wp-json\/wp\/v2\/posts\/22129\/revisions"}],"predecessor-version":[{"id":22131,"href":"https:\/\/dgospel.com.br\/portal\/index.php\/wp-json\/wp\/v2\/posts\/22129\/revisions\/22131"}],"wp:featuredmedia":[{"embeddable":true,"href":"https:\/\/dgospel.com.br\/portal\/index.php\/wp-json\/wp\/v2\/media\/22130"}],"wp:attachment":[{"href":"https:\/\/dgospel.com.br\/portal\/index.php\/wp-json\/wp\/v2\/media?parent=22129"}],"wp:term":[{"taxonomy":"category","embeddable":true,"href":"https:\/\/dgospel.com.br\/portal\/index.php\/wp-json\/wp\/v2\/categories?post=22129"},{"taxonomy":"post_tag","embeddable":true,"href":"https:\/\/dgospel.com.br\/portal\/index.php\/wp-json\/wp\/v2\/tags?post=22129"}],"curies":[{"name":"wp","href":"https:\/\/api.w.org\/{rel}","templated":true}]}}