{"id":22135,"date":"2025-07-22T11:41:49","date_gmt":"2025-07-22T14:41:49","guid":{"rendered":"https:\/\/dgospel.com.br\/portal\/?p=22135"},"modified":"2025-07-22T11:41:51","modified_gmt":"2025-07-22T14:41:51","slug":"ucrania-deixa-brasil-sem-representante-diplomatico-em-meio-a-atritos-com-o-governo-lula","status":"publish","type":"post","link":"https:\/\/dgospel.com.br\/portal\/index.php\/2025\/07\/22\/ucrania-deixa-brasil-sem-representante-diplomatico-em-meio-a-atritos-com-o-governo-lula\/","title":{"rendered":"Ucr\u00e2nia deixa Brasil sem representante diplom\u00e1tico em meio a atritos com o governo Lula"},"content":{"rendered":"\n<p>O governo da Ucr\u00e2nia decidiu n\u00e3o nomear um novo embaixador para sua representa\u00e7\u00e3o diplom\u00e1tica no Brasil. A informa\u00e7\u00e3o, confirmada por fontes ligadas \u00e0 chancelaria ucraniana, foi divulgada nesta segunda-feira (21). A embaixada segue sem chefe desde a sa\u00edda de Andrii Melnyk, em junho, para assumir uma fun\u00e7\u00e3o na Organiza\u00e7\u00e3o das Na\u00e7\u00f5es Unidas (ONU).<\/p>\n\n\n\n<p>A decis\u00e3o foi anunciada ap\u00f3s uma reuni\u00e3o entre o presidente ucraniano Volodymyr Zelensky e o ministro das Rela\u00e7\u00f5es Exteriores, Andrii Sybiha, na qual foram definidos 16 novos embaixadores do pa\u00eds. O Brasil, no entanto, ficou fora da lista.<\/p>\n\n\n\n<p>Nos bastidores diplom\u00e1ticos, a aus\u00eancia de uma nomea\u00e7\u00e3o \u00e9 interpretada como um sinal de descontentamento do governo ucraniano com a pol\u00edtica externa brasileira. Fontes indicam que a medida reflete o inc\u00f4modo de Kiev com declara\u00e7\u00f5es do presidente Luiz In\u00e1cio Lula da Silva (PT), percebidas como simp\u00e1ticas ao regime de Vladimir Putin, da R\u00fassia \u2014 pa\u00eds com o qual a Ucr\u00e2nia est\u00e1 em guerra desde 2022.<\/p>\n","protected":false},"excerpt":{"rendered":"<p>O governo da Ucr\u00e2nia decidiu n\u00e3o nomear um novo embaixador para sua representa\u00e7\u00e3o diplom\u00e1tica no Brasil. A informa\u00e7\u00e3o, confirmada por fontes ligadas \u00e0 chancelaria ucraniana, foi divulgada nesta segunda-feira (21). A embaixada segue sem chefe desde a sa\u00edda de Andrii Melnyk, em junho, para assumir uma fun\u00e7\u00e3o na Organiza\u00e7\u00e3o das Na\u00e7\u00f5es Unidas (ONU). A decis\u00e3o [&hellip;]<\/p>\n","protected":false},"author":2,"featured_media":22136,"comment_status":"open","ping_status":"open","sticky":false,"template":"","format":"standard","meta":[],"categories":[10],"tags":[13],"_links":{"self":[{"href":"https:\/\/dgospel.com.br\/portal\/index.php\/wp-json\/wp\/v2\/posts\/22135"}],"collection":[{"href":"https:\/\/dgospel.com.br\/portal\/index.php\/wp-json\/wp\/v2\/posts"}],"about":[{"href":"https:\/\/dgospel.com.br\/portal\/index.php\/wp-json\/wp\/v2\/types\/post"}],"author":[{"embeddable":true,"href":"https:\/\/dgospel.com.br\/portal\/index.php\/wp-json\/wp\/v2\/users\/2"}],"replies":[{"embeddable":true,"href":"https:\/\/dgospel.com.br\/portal\/index.php\/wp-json\/wp\/v2\/comments?post=22135"}],"version-history":[{"count":1,"href":"https:\/\/dgospel.com.br\/portal\/index.php\/wp-json\/wp\/v2\/posts\/22135\/revisions"}],"predecessor-version":[{"id":22137,"href":"https:\/\/dgospel.com.br\/portal\/index.php\/wp-json\/wp\/v2\/posts\/22135\/revisions\/22137"}],"wp:featuredmedia":[{"embeddable":true,"href":"https:\/\/dgospel.com.br\/portal\/index.php\/wp-json\/wp\/v2\/media\/22136"}],"wp:attachment":[{"href":"https:\/\/dgospel.com.br\/portal\/index.php\/wp-json\/wp\/v2\/media?parent=22135"}],"wp:term":[{"taxonomy":"category","embeddable":true,"href":"https:\/\/dgospel.com.br\/portal\/index.php\/wp-json\/wp\/v2\/categories?post=22135"},{"taxonomy":"post_tag","embeddable":true,"href":"https:\/\/dgospel.com.br\/portal\/index.php\/wp-json\/wp\/v2\/tags?post=22135"}],"curies":[{"name":"wp","href":"https:\/\/api.w.org\/{rel}","templated":true}]}}