{"id":22138,"date":"2025-07-22T11:43:23","date_gmt":"2025-07-22T14:43:23","guid":{"rendered":"https:\/\/dgospel.com.br\/portal\/?p=22138"},"modified":"2025-07-22T11:43:23","modified_gmt":"2025-07-22T14:43:23","slug":"salarios-ganham-forca-na-argentina-e-voltam-a-crescer-sob-governo-milei-aponta-indec","status":"publish","type":"post","link":"https:\/\/dgospel.com.br\/portal\/index.php\/2025\/07\/22\/salarios-ganham-forca-na-argentina-e-voltam-a-crescer-sob-governo-milei-aponta-indec\/","title":{"rendered":"Sal\u00e1rios ganham for\u00e7a na Argentina e voltam a crescer sob governo Milei, aponta Indec"},"content":{"rendered":"\n<p>Dados divulgados pelo Instituto Nacional de Estat\u00edsticas e Censos da Argentina (Indec) indicam uma recupera\u00e7\u00e3o significativa da renda dos trabalhadores no pa\u00eds. No primeiro trimestre de 2024, a participa\u00e7\u00e3o dos sal\u00e1rios no Produto Interno Bruto (PIB) argentino alcan\u00e7ou 49,1%, o maior n\u00edvel dos \u00faltimos anos. O n\u00famero supera os lucros corporativos, que apresentaram queda no mesmo per\u00edodo.<\/p>\n\n\n\n<p>O relat\u00f3rio revela que, entre o \u00faltimo trimestre de 2023 e os tr\u00eas primeiros meses deste ano, houve um avan\u00e7o de cinco pontos percentuais na fatia da renda do trabalho no PIB \u2014 de 44,1% para 49,1%. Segundo o Indec, esse movimento reflete um aumento do poder de compra da popula\u00e7\u00e3o, com os sal\u00e1rios reais (ajustados pela infla\u00e7\u00e3o) voltando a crescer.<\/p>\n\n\n\n<p>A melhora ocorre em meio a um esfor\u00e7o do governo de Javier Milei para estabilizar a economia e reverter os efeitos da crise agravada nos \u00faltimos anos. Desde que assumiu o cargo, em dezembro de 2023, Milei tem promovido uma agenda econ\u00f4mica de austeridade e liberaliza\u00e7\u00e3o, em oposi\u00e7\u00e3o ao modelo intervencionista anterior.<\/p>\n\n\n\n<p>A recupera\u00e7\u00e3o da renda tamb\u00e9m tem sido associada \u00e0 retomada do emprego formal, segundo analistas locais. O crescimento dos sal\u00e1rios reais, aliado \u00e0 queda nos lucros empresariais, pode indicar um reequil\u00edbrio na distribui\u00e7\u00e3o de renda, embora especialistas alertem que os efeitos de m\u00e9dio e longo prazo da pol\u00edtica econ\u00f4mica ainda precisam ser avaliados com cautela.<\/p>\n","protected":false},"excerpt":{"rendered":"<p>Dados divulgados pelo Instituto Nacional de Estat\u00edsticas e Censos da Argentina (Indec) indicam uma recupera\u00e7\u00e3o significativa da renda dos trabalhadores no pa\u00eds. No primeiro trimestre de 2024, a participa\u00e7\u00e3o dos sal\u00e1rios no Produto Interno Bruto (PIB) argentino alcan\u00e7ou 49,1%, o maior n\u00edvel dos \u00faltimos anos. O n\u00famero supera os lucros corporativos, que apresentaram queda no [&hellip;]<\/p>\n","protected":false},"author":2,"featured_media":22139,"comment_status":"open","ping_status":"open","sticky":false,"template":"","format":"standard","meta":[],"categories":[16],"tags":[13],"_links":{"self":[{"href":"https:\/\/dgospel.com.br\/portal\/index.php\/wp-json\/wp\/v2\/posts\/22138"}],"collection":[{"href":"https:\/\/dgospel.com.br\/portal\/index.php\/wp-json\/wp\/v2\/posts"}],"about":[{"href":"https:\/\/dgospel.com.br\/portal\/index.php\/wp-json\/wp\/v2\/types\/post"}],"author":[{"embeddable":true,"href":"https:\/\/dgospel.com.br\/portal\/index.php\/wp-json\/wp\/v2\/users\/2"}],"replies":[{"embeddable":true,"href":"https:\/\/dgospel.com.br\/portal\/index.php\/wp-json\/wp\/v2\/comments?post=22138"}],"version-history":[{"count":1,"href":"https:\/\/dgospel.com.br\/portal\/index.php\/wp-json\/wp\/v2\/posts\/22138\/revisions"}],"predecessor-version":[{"id":22140,"href":"https:\/\/dgospel.com.br\/portal\/index.php\/wp-json\/wp\/v2\/posts\/22138\/revisions\/22140"}],"wp:featuredmedia":[{"embeddable":true,"href":"https:\/\/dgospel.com.br\/portal\/index.php\/wp-json\/wp\/v2\/media\/22139"}],"wp:attachment":[{"href":"https:\/\/dgospel.com.br\/portal\/index.php\/wp-json\/wp\/v2\/media?parent=22138"}],"wp:term":[{"taxonomy":"category","embeddable":true,"href":"https:\/\/dgospel.com.br\/portal\/index.php\/wp-json\/wp\/v2\/categories?post=22138"},{"taxonomy":"post_tag","embeddable":true,"href":"https:\/\/dgospel.com.br\/portal\/index.php\/wp-json\/wp\/v2\/tags?post=22138"}],"curies":[{"name":"wp","href":"https:\/\/api.w.org\/{rel}","templated":true}]}}