{"id":2214,"date":"2019-01-04T11:43:16","date_gmt":"2019-01-04T13:43:16","guid":{"rendered":"http:\/\/dgospel.com.br\/portal\/?p=2214"},"modified":"2019-01-04T11:43:16","modified_gmt":"2019-01-04T13:43:16","slug":"damares-alves-debate-sobre-ideologia-de-genero-deve-ficar-na-universidade","status":"publish","type":"post","link":"https:\/\/dgospel.com.br\/portal\/index.php\/2019\/01\/04\/damares-alves-debate-sobre-ideologia-de-genero-deve-ficar-na-universidade\/","title":{"rendered":"Damares Alves: \u201cDebate sobre ideologia de g\u00eanero deve ficar na universidade\u201d"},"content":{"rendered":"<p style=\"line-height: 22.5pt; margin: 0cm 0cm 18.0pt 0cm;\"><span style=\"font-size: 13.5pt; font-family: 'Arial','sans-serif'; color: #4d4d4d;\">A ministra da Mulher, Fam\u00edlia e Direitos Humanos, a advogada e pastora evang\u00e9lica\u00a0Damares Alves, defendeu que o debate sobre g\u00eanero se restrinja\u00a0ao \u00e2mbito das universidades, e n\u00e3o seja introduzido no ensino infantil. Para ela, a escola no Brasil tem promovido uma grande confus\u00e3o na cabe\u00e7a das crian\u00e7as, ignorando\u00a0a identidade biol\u00f3gica delas. &#8220;Vamos deixar as crian\u00e7as em paz, gente. Vamos deixar a crian\u00e7a ser crian\u00e7a em sala de aula. Quer fazer a discuss\u00e3o? Vamos fazer l\u00e1 em cima na academia&#8221;, disse.\u00a0&#8220;O menino \u00e9 o que ele v\u00ea. Ele olha para o corpo e est\u00e1 vendo corpo de menino. E a escola est\u00e1 dizendo que n\u00e3o \u00e9 menino, para esperar e ver o que ele quer ser&#8221;, criticou, enfatizando haver uma doutrina\u00e7\u00e3o n\u00e3o combinada com a fam\u00edlia da crian\u00e7a.<\/span><\/p>\n<p style=\"line-height: 22.5pt; margin: 0cm 0cm 18.0pt 0cm;\"><span style=\"font-size: 13.5pt; font-family: 'Arial','sans-serif'; color: #4d4d4d;\">Damares disse que n\u00e3o ser\u00e1 enviado nenhum projeto ao Congresso para conter o que chamou de\u00a0&#8220;doutrina\u00e7\u00e3o ideol\u00f3gica&#8221; e que nada ser\u00e1 imposto,\u00a0mas que o governo Bolsonaro\u00a0vai trabalhar\u00a0para conter exageros, combatendo o preconceito, mas &#8220;sem confundir as crian\u00e7as&#8221; com uma &#8220;teoria sem comprova\u00e7\u00e3o cient\u00edfica&#8221;. A ministra foi entrevistada\u00a0por jornalistas do canal\u00a0GloboNews\u00a0na noite desta quinta-feira (3), horas depois de se ver em meio a\u00a0uma pol\u00eamica ao dizer, em v\u00eddeo que circula\u00a0pela internet, que meninos devem se vestir de azul e as meninas, de rosa.<\/span><\/p>\n<p style=\"line-height: 22.5pt; margin: 0cm 0cm 18.0pt 0cm;\"><span style=\"font-size: 13.5pt; font-family: 'Arial','sans-serif'; color: #4d4d4d;\">uestionada sobre como o pa\u00eds proporcionaria tal assist\u00eancia se ainda n\u00e3o consegue oferecer o b\u00e1sico, como no caso da sa\u00fade, a ministra afirmou que Bolsonaro ir\u00e1 fazer\u00a0uma &#8220;revolu\u00e7\u00e3o&#8221; na \u00e1rea, melhorando o atendimento b\u00e1sico, mas sem se omitir com rela\u00e7\u00e3o ao &#8220;enfraquecimento dos v\u00ednculos familiares&#8221;. &#8220;Acreditamos que fam\u00edlia \u00e9 base da sociedade e tem que\u00a0ser protegida. Fam\u00edlia protegida \u00e9 na\u00e7\u00e3o soberana, sem interfer\u00eancia do Estado, mas o Estado podendo proporcionar pol\u00edticas\u00a0p\u00fablicas de fortalecimento dos v\u00ednculos.&#8221;<\/span><\/p>\n<p style=\"line-height: 22.5pt; margin: 0cm 0cm 18.0pt 0cm;\"><span style=\"font-size: 13.5pt; font-family: 'Arial','sans-serif'; color: #4d4d4d;\">A ministra foi perguntada se o novo governo n\u00e3o estaria, diante de tudo o que j\u00e1 foi proposto, se propondo a substituir uma ideologia por outra, com um perfil muito religioso. &#8220;Temos uma ideologia que \u00e9 da prote\u00e7\u00e3o da fam\u00edlia, mas n\u00e3o estamos impondo. Se o papai e a mam\u00e3e quiserem vestir a crian\u00e7a de colorido, vistam. A crian\u00e7as pertencem \u00e0 fam\u00edlia, e isso o Estado vai respeitar. Queremos oferecer uma outra perspectiva. Ali atr\u00e1s, [a escola dizia] &#8216;n\u00e3o chame [a menina] de princesa&#8217;. Estamos dizendo: &#8216;pode chamar de princesa tamb\u00e9m&#8217;.&#8221; Damares\u00a0Alves tamb\u00e9m disse que, apesar de a demarca\u00e7\u00e3o de terras ind\u00edgenas ter sido retirada por Bolsonaro da Funai\u00a0(Funda\u00e7\u00e3o Nacional do \u00cdndio), sob a al\u00e7ada dos Direitos Humanos, para ser destinada ao Minist\u00e9rio da Agricultura, a palavra final sobre a quest\u00e3o ser\u00e1 dada por um conselho interministerial, do qual far\u00e3o parte\u00a0ministros como os\u00a0da Justi\u00e7a, Casa Civil, Agricultura e o dela pr\u00f3pria, de Direitos Humanos.<\/span><\/p>\n<p>FONTE: UOL<\/p>\n","protected":false},"excerpt":{"rendered":"<p>A ministra da Mulher, Fam\u00edlia e Direitos Humanos, a advogada e pastora evang\u00e9lica\u00a0Damares Alves, defendeu que o debate sobre g\u00eanero se restrinja\u00a0ao \u00e2mbito das universidades, e n\u00e3o seja introduzido no ensino infantil. Para ela, a escola no Brasil tem promovido uma grande confus\u00e3o na cabe\u00e7a das crian\u00e7as, ignorando\u00a0a identidade biol\u00f3gica delas. &#8220;Vamos deixar as crian\u00e7as [&hellip;]<\/p>\n","protected":false},"author":2,"featured_media":2215,"comment_status":"open","ping_status":"open","sticky":false,"template":"","format":"standard","meta":[],"categories":[2,5,6],"tags":[],"_links":{"self":[{"href":"https:\/\/dgospel.com.br\/portal\/index.php\/wp-json\/wp\/v2\/posts\/2214"}],"collection":[{"href":"https:\/\/dgospel.com.br\/portal\/index.php\/wp-json\/wp\/v2\/posts"}],"about":[{"href":"https:\/\/dgospel.com.br\/portal\/index.php\/wp-json\/wp\/v2\/types\/post"}],"author":[{"embeddable":true,"href":"https:\/\/dgospel.com.br\/portal\/index.php\/wp-json\/wp\/v2\/users\/2"}],"replies":[{"embeddable":true,"href":"https:\/\/dgospel.com.br\/portal\/index.php\/wp-json\/wp\/v2\/comments?post=2214"}],"version-history":[{"count":1,"href":"https:\/\/dgospel.com.br\/portal\/index.php\/wp-json\/wp\/v2\/posts\/2214\/revisions"}],"predecessor-version":[{"id":2216,"href":"https:\/\/dgospel.com.br\/portal\/index.php\/wp-json\/wp\/v2\/posts\/2214\/revisions\/2216"}],"wp:featuredmedia":[{"embeddable":true,"href":"https:\/\/dgospel.com.br\/portal\/index.php\/wp-json\/wp\/v2\/media\/2215"}],"wp:attachment":[{"href":"https:\/\/dgospel.com.br\/portal\/index.php\/wp-json\/wp\/v2\/media?parent=2214"}],"wp:term":[{"taxonomy":"category","embeddable":true,"href":"https:\/\/dgospel.com.br\/portal\/index.php\/wp-json\/wp\/v2\/categories?post=2214"},{"taxonomy":"post_tag","embeddable":true,"href":"https:\/\/dgospel.com.br\/portal\/index.php\/wp-json\/wp\/v2\/tags?post=2214"}],"curies":[{"name":"wp","href":"https:\/\/api.w.org\/{rel}","templated":true}]}}