{"id":22144,"date":"2025-08-04T16:32:41","date_gmt":"2025-08-04T19:32:41","guid":{"rendered":"https:\/\/dgospel.com.br\/portal\/?p=22144"},"modified":"2025-08-04T16:32:41","modified_gmt":"2025-08-04T19:32:41","slug":"amelio-cayres-a-forca-silenciosa-que-unifica-o-tocantins","status":"publish","type":"post","link":"https:\/\/dgospel.com.br\/portal\/index.php\/2025\/08\/04\/amelio-cayres-a-forca-silenciosa-que-unifica-o-tocantins\/","title":{"rendered":"Am\u00e9lio Cayres: a for\u00e7a silenciosa que unifica o Tocantins"},"content":{"rendered":"\n<p>A pol\u00edtica costuma ser barulhenta. Muitas vezes, \u00e9 feita de gestos espalhafatosos, promessas ruidosas&nbsp; e disputas de vaidade. Mas o Tocantins, em sua ess\u00eancia, tem outro ritmo.<\/p>\n\n\n\n<p>\u00c9 um estado que valoriza o trabalho discreto, a palavra cumprida e a lideran\u00e7a que escuta mais do que imp\u00f5e.<\/p>\n\n\n\n<p>Nesse compasso, cresce a pr\u00e9-candidatura de Am\u00e9lio Cayres ao Governo do Estado \u2014 uma candidatura que se fortalece justamente por ser feita de solidez, n\u00e3o de espet\u00e1culo.<\/p>\n\n\n\n<p>Neste final de semana, dois importantes nomes da Assembleia Legislativa \u2014 os deputados Vilmar e Gip\u00e3o \u2014 declararam apoio a Am\u00e9lio.<\/p>\n\n\n\n<p><strong>E esse movimento n\u00e3o \u00e9 casual.<\/strong><\/p>\n\n\n\n<p>\u00c9 reflexo de algo mais profundo: a confian\u00e7a que Am\u00e9lio inspira por sua trajet\u00f3ria coerente, por sua forma respeitosa de fazer pol\u00edtica, e por sua capacidade de agregar sem anular, de liderar sem atropelar.<\/p>\n\n\n\n<p><strong>Am\u00e9lio Cayres conquista pela compet\u00eancia silenciosa.<\/strong><\/p>\n\n\n\n<p>N\u00e3o precisa de holofotes para mostrar servi\u00e7o. Ele entrega, e entrega com consist\u00eancia. E entrega porque conhece o Tocantins como poucos.<\/p>\n\n\n\n<p>Foi prefeito de Esperantina, no Bico do Papagaio \u2014 uma das regi\u00f5es mais esquecidas nos grandes debates, mas que pulsa com a for\u00e7a do Tocantins real.<\/p>\n\n\n\n<p>L\u00e1, no Tocantins profundo, Am\u00e9lio aprendeu o valor da escuta e da gest\u00e3o pragm\u00e1tica, onde cada recurso conta e cada a\u00e7\u00e3o precisa fazer diferen\u00e7a.<\/p>\n\n\n\n<p>Na Assembleia, com quatro mandatos como deputado estadual e dois como presidente da Casa, Am\u00e9lio consolidou um estilo de lideran\u00e7a raro: colegiado, inclusivo, democr\u00e1tico.<\/p>\n\n\n\n<p>Ouve seus pares, compartilha decis\u00f5es, divide os m\u00e9ritos.<\/p>\n\n\n\n<p>N\u00e3o h\u00e1 imposi\u00e7\u00e3o, h\u00e1 constru\u00e7\u00e3o conjunta. \u00c9 esse esp\u00edrito que o torna capaz de unir correntes distintas, aproximar grupos diversos e formar uma base que cresce porque se sente parte do projeto.<\/p>\n\n\n\n<p>A pr\u00e9-candidatura de Am\u00e9lio n\u00e3o \u00e9 movida por ambi\u00e7\u00e3o pessoal. \u00c9 movida por um senso de responsabilidade com o Tocantins que trabalha, que precisa de presen\u00e7a, de estabilidade e de equil\u00edbrio.<\/p>\n\n\n\n<p>\u00c9 uma alternativa que carrega a cara do povo tocantinense: simples, mas firme; humilde, mas vision\u00e1ria.<\/p>\n\n\n\n<p>\u00c9 por isso que a base cresce. Porque Am\u00e9lio representa um tipo de lideran\u00e7a cada vez mais rara \u2014 a que n\u00e3o precisa gritar para ser ouvida, porque fala com verdade. E o Tocantins est\u00e1 ouvindo.<\/p>\n","protected":false},"excerpt":{"rendered":"<p>A pol\u00edtica costuma ser barulhenta. Muitas vezes, \u00e9 feita de gestos espalhafatosos, promessas ruidosas&nbsp; e disputas de vaidade. Mas o Tocantins, em sua ess\u00eancia, tem outro ritmo. \u00c9 um estado que valoriza o trabalho discreto, a palavra cumprida e a lideran\u00e7a que escuta mais do que imp\u00f5e. Nesse compasso, cresce a pr\u00e9-candidatura de Am\u00e9lio Cayres [&hellip;]<\/p>\n","protected":false},"author":2,"featured_media":22145,"comment_status":"open","ping_status":"open","sticky":false,"template":"","format":"standard","meta":[],"categories":[4],"tags":[13],"_links":{"self":[{"href":"https:\/\/dgospel.com.br\/portal\/index.php\/wp-json\/wp\/v2\/posts\/22144"}],"collection":[{"href":"https:\/\/dgospel.com.br\/portal\/index.php\/wp-json\/wp\/v2\/posts"}],"about":[{"href":"https:\/\/dgospel.com.br\/portal\/index.php\/wp-json\/wp\/v2\/types\/post"}],"author":[{"embeddable":true,"href":"https:\/\/dgospel.com.br\/portal\/index.php\/wp-json\/wp\/v2\/users\/2"}],"replies":[{"embeddable":true,"href":"https:\/\/dgospel.com.br\/portal\/index.php\/wp-json\/wp\/v2\/comments?post=22144"}],"version-history":[{"count":1,"href":"https:\/\/dgospel.com.br\/portal\/index.php\/wp-json\/wp\/v2\/posts\/22144\/revisions"}],"predecessor-version":[{"id":22146,"href":"https:\/\/dgospel.com.br\/portal\/index.php\/wp-json\/wp\/v2\/posts\/22144\/revisions\/22146"}],"wp:featuredmedia":[{"embeddable":true,"href":"https:\/\/dgospel.com.br\/portal\/index.php\/wp-json\/wp\/v2\/media\/22145"}],"wp:attachment":[{"href":"https:\/\/dgospel.com.br\/portal\/index.php\/wp-json\/wp\/v2\/media?parent=22144"}],"wp:term":[{"taxonomy":"category","embeddable":true,"href":"https:\/\/dgospel.com.br\/portal\/index.php\/wp-json\/wp\/v2\/categories?post=22144"},{"taxonomy":"post_tag","embeddable":true,"href":"https:\/\/dgospel.com.br\/portal\/index.php\/wp-json\/wp\/v2\/tags?post=22144"}],"curies":[{"name":"wp","href":"https:\/\/api.w.org\/{rel}","templated":true}]}}