{"id":22147,"date":"2025-08-04T16:37:29","date_gmt":"2025-08-04T19:37:29","guid":{"rendered":"https:\/\/dgospel.com.br\/portal\/?p=22147"},"modified":"2025-08-04T16:37:30","modified_gmt":"2025-08-04T19:37:30","slug":"secretario-chefe-de-gabinete-reune-vereadores-para-alinhamento-apos-recesso-legislativo","status":"publish","type":"post","link":"https:\/\/dgospel.com.br\/portal\/index.php\/2025\/08\/04\/secretario-chefe-de-gabinete-reune-vereadores-para-alinhamento-apos-recesso-legislativo\/","title":{"rendered":"Secret\u00e1rio-chefe de Gabinete re\u00fane vereadores para alinhamento ap\u00f3s recesso legislativo"},"content":{"rendered":"\n<p>Na manh\u00e3 desta segunda-feira, 4, o secret\u00e1rio-chefe de Gabinete do Prefeito, Carlos J\u00fanior, se reuniu com os vereadores da Capital, na Casa do Empreendedor, para um encontro de alinhamento com a retomada dos trabalhos legislativos ap\u00f3s o recesso do m\u00eas de julho. O objetivo foi estreitar as rela\u00e7\u00f5es entre Poder Executivo e Poder Legislativo, fortalecendo o di\u00e1logo para garantir que projetos priorit\u00e1rios cheguem \u00e0 popula\u00e7\u00e3o palmense.<\/p>\n\n\n\n<p>O encontro contou com a presen\u00e7a do presidente da C\u00e2mara Municipal de Palmas, Marilon Barbosa, e dos vereadores Walter Viana (l\u00edder do governo), Thiago Borges, Z\u00e9 Branquim, Alex Mascarenhas, Balaio, Delma Freitas, Dian Carlos, Folha, Joatan de Jesus, Josmundo Vila Nova, Juarez Rigol, Karina Caf\u00e9, MaryCats da Causa Animal,&nbsp;<strong>M\u00e1rcio Reis,&nbsp;<\/strong>Professora Iolanda Castro, Rubens Uch\u00f4a, Thamires do Coletivo Somos e Waldson da Agesp. Os parlamentares Marco J\u00fanior e D\u00e9bora Guedes justificaram a aus\u00eancia devido a outros compromissos.<\/p>\n\n\n\n<p>Durante a reuni\u00e3o, Carlos J\u00fanior destacou a import\u00e2ncia do encontro para reafirmar a harmonia entre os poderes e a busca por um di\u00e1logo permanente. \u201cA Prefeitura tem um compromisso com a boa rela\u00e7\u00e3o institucional e com o respeito \u00e0 independ\u00eancia do Poder Legislativo. Nossa inten\u00e7\u00e3o \u00e9 manter um di\u00e1logo franco e construtivo, sempre com o objetivo maior de melhorar a vida dos palmenses. Respeitamos o papel de cada Poder, mas acreditamos que a parceria \u00e9 essencial para avan\u00e7armos em pol\u00edticas p\u00fablicas eficazes\u201d, afirmou.<\/p>\n\n\n\n<p>Para o l\u00edder do governo na C\u00e2mara, vereador Walter Viana, a iniciativa refor\u00e7a a abertura do Executivo para debater as demandas da cidade. \u201cO encontro foi fundamental para reorganizarmos a base e realinharmos as estrat\u00e9gias. Tivemos um primeiro semestre muito produtivo, e neste segundo queremos qualificar ainda mais o debate e mostrar que o Executivo est\u00e1 de portas abertas para pol\u00edticas p\u00fablicas que realmente atendam a popula\u00e7\u00e3o\u201d, disse.<\/p>\n\n\n\n<p>Ao final da reuni\u00e3o, Carlos J\u00fanior refor\u00e7ou o compromisso da Prefeitura com o Legislativo:<br>\u201cEstaremos ainda mais pr\u00f3ximos dos vereadores, porque entendemos que, juntos, podemos viabilizar projetos importantes para a nossa cidade e entregar resultados concretos para a popula\u00e7\u00e3o\u201d, concluiu.<\/p>\n","protected":false},"excerpt":{"rendered":"<p>Na manh\u00e3 desta segunda-feira, 4, o secret\u00e1rio-chefe de Gabinete do Prefeito, Carlos J\u00fanior, se reuniu com os vereadores da Capital, na Casa do Empreendedor, para um encontro de alinhamento com a retomada dos trabalhos legislativos ap\u00f3s o recesso do m\u00eas de julho. O objetivo foi estreitar as rela\u00e7\u00f5es entre Poder Executivo e Poder Legislativo, fortalecendo [&hellip;]<\/p>\n","protected":false},"author":2,"featured_media":22148,"comment_status":"open","ping_status":"open","sticky":false,"template":"","format":"standard","meta":[],"categories":[3],"tags":[13],"_links":{"self":[{"href":"https:\/\/dgospel.com.br\/portal\/index.php\/wp-json\/wp\/v2\/posts\/22147"}],"collection":[{"href":"https:\/\/dgospel.com.br\/portal\/index.php\/wp-json\/wp\/v2\/posts"}],"about":[{"href":"https:\/\/dgospel.com.br\/portal\/index.php\/wp-json\/wp\/v2\/types\/post"}],"author":[{"embeddable":true,"href":"https:\/\/dgospel.com.br\/portal\/index.php\/wp-json\/wp\/v2\/users\/2"}],"replies":[{"embeddable":true,"href":"https:\/\/dgospel.com.br\/portal\/index.php\/wp-json\/wp\/v2\/comments?post=22147"}],"version-history":[{"count":1,"href":"https:\/\/dgospel.com.br\/portal\/index.php\/wp-json\/wp\/v2\/posts\/22147\/revisions"}],"predecessor-version":[{"id":22149,"href":"https:\/\/dgospel.com.br\/portal\/index.php\/wp-json\/wp\/v2\/posts\/22147\/revisions\/22149"}],"wp:featuredmedia":[{"embeddable":true,"href":"https:\/\/dgospel.com.br\/portal\/index.php\/wp-json\/wp\/v2\/media\/22148"}],"wp:attachment":[{"href":"https:\/\/dgospel.com.br\/portal\/index.php\/wp-json\/wp\/v2\/media?parent=22147"}],"wp:term":[{"taxonomy":"category","embeddable":true,"href":"https:\/\/dgospel.com.br\/portal\/index.php\/wp-json\/wp\/v2\/categories?post=22147"},{"taxonomy":"post_tag","embeddable":true,"href":"https:\/\/dgospel.com.br\/portal\/index.php\/wp-json\/wp\/v2\/tags?post=22147"}],"curies":[{"name":"wp","href":"https:\/\/api.w.org\/{rel}","templated":true}]}}