{"id":22157,"date":"2025-08-04T17:04:17","date_gmt":"2025-08-04T20:04:17","guid":{"rendered":"https:\/\/dgospel.com.br\/portal\/?p=22157"},"modified":"2025-08-04T17:04:19","modified_gmt":"2025-08-04T20:04:19","slug":"reaja-brasil-milhares-de-patriotas-vao-as-ruas-em-capitais-do-brasil-por-anistia-impeachment-de-lula-e-alexandre-de-moraes","status":"publish","type":"post","link":"https:\/\/dgospel.com.br\/portal\/index.php\/2025\/08\/04\/reaja-brasil-milhares-de-patriotas-vao-as-ruas-em-capitais-do-brasil-por-anistia-impeachment-de-lula-e-alexandre-de-moraes\/","title":{"rendered":"Reaja, Brasil: Milhares de patriotas v\u00e3o \u00e0s ruas em capitais do Brasil por anistia, impeachment de Lula e Alexandre de Moraes"},"content":{"rendered":"\n<p>Neste momento milhares de patriotas sa\u00edram \u00e0s ruas em diversas capitais brasileiras para exigir anistia aos presos pol\u00edticos do 8 de janeiro e cobrar o impeachment do presidente Luiz In\u00e1cio Lula da Silva e do ministro do Supremo Tribunal Federal, Alexandre de Moraes.<\/p>\n\n\n\n<p>As manifesta\u00e7\u00f5es ocorrem em S\u00e3o Paulo, Rio de Janeiro, Salvador, Belo Horizonte, Bras\u00edlia, Curitiba, entre outras capitais. Na Avenida Paulista e na orla de Copacabana, manifestantes entoam gritos de \u201cFora Moraes\u201d, \u201cImpeachment j\u00e1\u201d e \u201cLiberdade para os patriotas\u201d, empunhando bandeiras do Brasil e cartazes contra a persegui\u00e7\u00e3o pol\u00edtica.<\/p>\n\n\n\n<p>L\u00edderes da direita discursam em carros de som denunciando o avan\u00e7o da censura no pa\u00eds, a viola\u00e7\u00e3o de direitos fundamentais e os abusos de autoridade cometidos por membros do Judici\u00e1rio. As pris\u00f5es sem devido processo legal, bloqueios de contas banc\u00e1rias, censura a redes sociais e persegui\u00e7\u00f5es pol\u00edticas s\u00e3o apontadas como sinais claros de ruptura democr\u00e1tica e autoritarismo institucional.<\/p>\n\n\n\n<p>Os atos seguem pac\u00edficos e contam com grande ades\u00e3o popular, reunindo fam\u00edlias, empres\u00e1rios, lideran\u00e7as pol\u00edticas e religiosas. Os organizadores afirmam que as mobiliza\u00e7\u00f5es continuar\u00e3o at\u00e9 que haja resposta efetiva do Congresso Nacional diante das ilegalidades e excessos praticados por autoridades que hoje ferem a Constitui\u00e7\u00e3o.<\/p>\n","protected":false},"excerpt":{"rendered":"<p>Neste momento milhares de patriotas sa\u00edram \u00e0s ruas em diversas capitais brasileiras para exigir anistia aos presos pol\u00edticos do 8 de janeiro e cobrar o impeachment do presidente Luiz In\u00e1cio Lula da Silva e do ministro do Supremo Tribunal Federal, Alexandre de Moraes. As manifesta\u00e7\u00f5es ocorrem em S\u00e3o Paulo, Rio de Janeiro, Salvador, Belo Horizonte, [&hellip;]<\/p>\n","protected":false},"author":2,"featured_media":22158,"comment_status":"open","ping_status":"open","sticky":false,"template":"","format":"standard","meta":[],"categories":[4],"tags":[13],"_links":{"self":[{"href":"https:\/\/dgospel.com.br\/portal\/index.php\/wp-json\/wp\/v2\/posts\/22157"}],"collection":[{"href":"https:\/\/dgospel.com.br\/portal\/index.php\/wp-json\/wp\/v2\/posts"}],"about":[{"href":"https:\/\/dgospel.com.br\/portal\/index.php\/wp-json\/wp\/v2\/types\/post"}],"author":[{"embeddable":true,"href":"https:\/\/dgospel.com.br\/portal\/index.php\/wp-json\/wp\/v2\/users\/2"}],"replies":[{"embeddable":true,"href":"https:\/\/dgospel.com.br\/portal\/index.php\/wp-json\/wp\/v2\/comments?post=22157"}],"version-history":[{"count":1,"href":"https:\/\/dgospel.com.br\/portal\/index.php\/wp-json\/wp\/v2\/posts\/22157\/revisions"}],"predecessor-version":[{"id":22159,"href":"https:\/\/dgospel.com.br\/portal\/index.php\/wp-json\/wp\/v2\/posts\/22157\/revisions\/22159"}],"wp:featuredmedia":[{"embeddable":true,"href":"https:\/\/dgospel.com.br\/portal\/index.php\/wp-json\/wp\/v2\/media\/22158"}],"wp:attachment":[{"href":"https:\/\/dgospel.com.br\/portal\/index.php\/wp-json\/wp\/v2\/media?parent=22157"}],"wp:term":[{"taxonomy":"category","embeddable":true,"href":"https:\/\/dgospel.com.br\/portal\/index.php\/wp-json\/wp\/v2\/categories?post=22157"},{"taxonomy":"post_tag","embeddable":true,"href":"https:\/\/dgospel.com.br\/portal\/index.php\/wp-json\/wp\/v2\/tags?post=22157"}],"curies":[{"name":"wp","href":"https:\/\/api.w.org\/{rel}","templated":true}]}}