{"id":22197,"date":"2025-08-13T10:44:20","date_gmt":"2025-08-13T13:44:20","guid":{"rendered":"https:\/\/dgospel.com.br\/portal\/?p=22197"},"modified":"2025-08-13T10:44:20","modified_gmt":"2025-08-13T13:44:20","slug":"eua-criticam-governo-lula-e-apontam-alexandre-de-moraes-como-responsavel-por-repressao-a-apoiadores-de-bolsonaro","status":"publish","type":"post","link":"https:\/\/dgospel.com.br\/portal\/index.php\/2025\/08\/13\/eua-criticam-governo-lula-e-apontam-alexandre-de-moraes-como-responsavel-por-repressao-a-apoiadores-de-bolsonaro\/","title":{"rendered":"EUA criticam governo Lula e apontam Alexandre de Moraes como respons\u00e1vel por repress\u00e3o a apoiadores de Bolsonaro"},"content":{"rendered":"\n<p>O governo dos Estados Unidos, sob a administra\u00e7\u00e3o de Donald Trump, voltou a defender o ex-presidente Jair Bolsonaro (PL) em seu relat\u00f3rio anual do Departamento de Estado sobre a situa\u00e7\u00e3o dos direitos humanos no mundo. O documento, com 14 p\u00e1ginas, cita logo no in\u00edcio o Brasil, acusando o governo Luiz In\u00e1cio Lula da Silva (PT) de enfraquecer a liberdade de express\u00e3o e minar o \u201cdebate democr\u00e1tico\u201d ao restringir o acesso de apoiadores de Bolsonaro nas redes sociais.<\/p>\n\n\n\n<p>De acordo com o texto, medidas adotadas pelo Judici\u00e1rio brasileiro contra a dissemina\u00e7\u00e3o de desinforma\u00e7\u00e3o \u2014 como not\u00edcias falsas divulgadas por aliados do ex-presidente \u2014 foram caracterizadas como \u201ccensura\u201d por Washington. O relat\u00f3rio aponta o ministro Alexandre de Moraes, j\u00e1 sancionado pela Lei Magnitsky, como o principal respons\u00e1vel por essa \u201crepress\u00e3o\u201d, citando a recente disputa judicial entre o Brasil e a rede social X (antigo Twitter).<\/p>\n\n\n\n<p>Em agosto do ano passado, a plataforma chegou a ser bloqueada no Brasil ap\u00f3s se recusar a cumprir ordens judiciais, incluindo a indica\u00e7\u00e3o de um representante legal no pa\u00eds. Segundo os autos citados pelo relat\u00f3rio, Moraes teria ordenado pessoalmente a suspens\u00e3o de mais de 100 perfis ligados a defensores de Bolsonaro, medida classificada pelos EUA como desproporcional por priorizar a supress\u00e3o de discursos pol\u00edticos em vez de penalizar conte\u00fados que incitassem viol\u00eancia ou ass\u00e9dio.<\/p>\n\n\n\n<p>A posi\u00e7\u00e3o norte-americana refor\u00e7a o desgaste nas rela\u00e7\u00f5es diplom\u00e1ticas e coloca mais press\u00e3o sobre o governo Lula e o Supremo Tribunal Federal (STF), num momento em que as tens\u00f5es entre Brasil e EUA v\u00eam se intensificando, especialmente ap\u00f3s amea\u00e7as de amplia\u00e7\u00e3o das san\u00e7\u00f5es previstas na Lei Magnitsky.<\/p>\n","protected":false},"excerpt":{"rendered":"<p>O governo dos Estados Unidos, sob a administra\u00e7\u00e3o de Donald Trump, voltou a defender o ex-presidente Jair Bolsonaro (PL) em seu relat\u00f3rio anual do Departamento de Estado sobre a situa\u00e7\u00e3o dos direitos humanos no mundo. O documento, com 14 p\u00e1ginas, cita logo no in\u00edcio o Brasil, acusando o governo Luiz In\u00e1cio Lula da Silva (PT) [&hellip;]<\/p>\n","protected":false},"author":2,"featured_media":22198,"comment_status":"open","ping_status":"open","sticky":false,"template":"","format":"standard","meta":[],"categories":[12,16],"tags":[],"_links":{"self":[{"href":"https:\/\/dgospel.com.br\/portal\/index.php\/wp-json\/wp\/v2\/posts\/22197"}],"collection":[{"href":"https:\/\/dgospel.com.br\/portal\/index.php\/wp-json\/wp\/v2\/posts"}],"about":[{"href":"https:\/\/dgospel.com.br\/portal\/index.php\/wp-json\/wp\/v2\/types\/post"}],"author":[{"embeddable":true,"href":"https:\/\/dgospel.com.br\/portal\/index.php\/wp-json\/wp\/v2\/users\/2"}],"replies":[{"embeddable":true,"href":"https:\/\/dgospel.com.br\/portal\/index.php\/wp-json\/wp\/v2\/comments?post=22197"}],"version-history":[{"count":1,"href":"https:\/\/dgospel.com.br\/portal\/index.php\/wp-json\/wp\/v2\/posts\/22197\/revisions"}],"predecessor-version":[{"id":22199,"href":"https:\/\/dgospel.com.br\/portal\/index.php\/wp-json\/wp\/v2\/posts\/22197\/revisions\/22199"}],"wp:featuredmedia":[{"embeddable":true,"href":"https:\/\/dgospel.com.br\/portal\/index.php\/wp-json\/wp\/v2\/media\/22198"}],"wp:attachment":[{"href":"https:\/\/dgospel.com.br\/portal\/index.php\/wp-json\/wp\/v2\/media?parent=22197"}],"wp:term":[{"taxonomy":"category","embeddable":true,"href":"https:\/\/dgospel.com.br\/portal\/index.php\/wp-json\/wp\/v2\/categories?post=22197"},{"taxonomy":"post_tag","embeddable":true,"href":"https:\/\/dgospel.com.br\/portal\/index.php\/wp-json\/wp\/v2\/tags?post=22197"}],"curies":[{"name":"wp","href":"https:\/\/api.w.org\/{rel}","templated":true}]}}