{"id":2220,"date":"2019-01-04T11:55:44","date_gmt":"2019-01-04T13:55:44","guid":{"rendered":"http:\/\/dgospel.com.br\/portal\/?p=2220"},"modified":"2019-01-04T11:55:44","modified_gmt":"2019-01-04T13:55:44","slug":"mauro-carlesse-toma-posse-como-governador-do-tocantins","status":"publish","type":"post","link":"https:\/\/dgospel.com.br\/portal\/index.php\/2019\/01\/04\/mauro-carlesse-toma-posse-como-governador-do-tocantins\/","title":{"rendered":"Mauro Carlesse toma posse como governador do Tocantins"},"content":{"rendered":"<p>O governador do Tocantins, Mauro Carlese (PHS), e o vice-governador Wanderlei Barbosa (PHS) foram empossados nos respectivos cargos na manh\u00e3 desta ter\u00e7a-feira, dia 1\u00ba, no plen\u00e1rio da Assembleia Legislativa. Por volta das 9h15 o governador fez a leitura do compromisso constitucional de posse.<\/p>\n<p>Em seguida, o governador reeleito assinou o termo de posse e recebeu a faixa governamental das m\u00e3os da presidente da Casa, deputada Luana Ribeiro (PSDB). O novo mandato compreende o per\u00edodo de 1\u00ba de janeiro de 2019 a 31 de dezembro de 2022.<\/p>\n<p>Ap\u00f3s o juramento, Carlesse prometeu em breve discurso equilibrar as contas do Estado, combater a corrup\u00e7\u00e3o, gerar mais emprego, promover a industrializa\u00e7\u00e3o e aumentar a arrecada\u00e7\u00e3o. \u201cAssumimos com uma responsabilidade muito grande, pois ser\u00e3o quatro anos de muito trabalho, luta e parcerias para fazermos muito mais\u201d, disse.<br \/>\n<b>Biografia<\/b><\/p>\n<p>Governador do Estado do Tocantins, Mauro Carlesse nasceu no munic\u00edpio de Terra Boa, Paran\u00e1, em 25 de junho de 1960. No Tocantins, ocupou-se como empres\u00e1rio e agropecuarista. Iniciou a carreira pol\u00edtica ao se filiar ao Partido Verde (PV) em 2011, quando j\u00e1 exercia a presid\u00eancia do Sindicato Rural de Gurupi. Foi candidato a prefeito daquela cidade nas elei\u00e7\u00f5es de 2012.<\/p>\n<p>Em 2013, filiou-se ao Partido Trabalhista Brasileiro (PTB) e candidatou-se a deputado estadual em 2014, conquistando uma vaga para a 8\u00aa Legislatura. Atualmente, \u00e9 filiado ao Partido Humanista da Solidariedade (PHS). No dia 8 de julho de 2016, foi eleito presidente da Assembleia Legislativa para o bi\u00eanio 2017\/2019.<\/p>\n<p>Em 9 de julho de 2018, Mauro Carlesse e Wanderlei Barbosa (PHS) foram empossados em sess\u00e3o na Assembleia Legislativa como respectivos governador e vice-governador do Tocantins para o mandato-tamp\u00e3o at\u00e9 31 de dezembro de 2018. Conquistou o mandato regular de governador do Estado do Tocantins nas elei\u00e7\u00f5es de 7 de outubro deste ano. (Penaforte Diaz)<\/p>\n","protected":false},"excerpt":{"rendered":"<p>O governador do Tocantins, Mauro Carlese (PHS), e o vice-governador Wanderlei Barbosa (PHS) foram empossados nos respectivos cargos na manh\u00e3 desta ter\u00e7a-feira, dia 1\u00ba, no plen\u00e1rio da Assembleia Legislativa. Por volta das 9h15 o governador fez a leitura do compromisso constitucional de posse. Em seguida, o governador reeleito assinou o termo de posse e recebeu [&hellip;]<\/p>\n","protected":false},"author":2,"featured_media":2221,"comment_status":"open","ping_status":"open","sticky":false,"template":"","format":"standard","meta":[],"categories":[8],"tags":[],"_links":{"self":[{"href":"https:\/\/dgospel.com.br\/portal\/index.php\/wp-json\/wp\/v2\/posts\/2220"}],"collection":[{"href":"https:\/\/dgospel.com.br\/portal\/index.php\/wp-json\/wp\/v2\/posts"}],"about":[{"href":"https:\/\/dgospel.com.br\/portal\/index.php\/wp-json\/wp\/v2\/types\/post"}],"author":[{"embeddable":true,"href":"https:\/\/dgospel.com.br\/portal\/index.php\/wp-json\/wp\/v2\/users\/2"}],"replies":[{"embeddable":true,"href":"https:\/\/dgospel.com.br\/portal\/index.php\/wp-json\/wp\/v2\/comments?post=2220"}],"version-history":[{"count":1,"href":"https:\/\/dgospel.com.br\/portal\/index.php\/wp-json\/wp\/v2\/posts\/2220\/revisions"}],"predecessor-version":[{"id":2222,"href":"https:\/\/dgospel.com.br\/portal\/index.php\/wp-json\/wp\/v2\/posts\/2220\/revisions\/2222"}],"wp:featuredmedia":[{"embeddable":true,"href":"https:\/\/dgospel.com.br\/portal\/index.php\/wp-json\/wp\/v2\/media\/2221"}],"wp:attachment":[{"href":"https:\/\/dgospel.com.br\/portal\/index.php\/wp-json\/wp\/v2\/media?parent=2220"}],"wp:term":[{"taxonomy":"category","embeddable":true,"href":"https:\/\/dgospel.com.br\/portal\/index.php\/wp-json\/wp\/v2\/categories?post=2220"},{"taxonomy":"post_tag","embeddable":true,"href":"https:\/\/dgospel.com.br\/portal\/index.php\/wp-json\/wp\/v2\/tags?post=2220"}],"curies":[{"name":"wp","href":"https:\/\/api.w.org\/{rel}","templated":true}]}}