{"id":22200,"date":"2025-08-13T10:47:53","date_gmt":"2025-08-13T13:47:53","guid":{"rendered":"https:\/\/dgospel.com.br\/portal\/?p=22200"},"modified":"2025-08-13T10:47:55","modified_gmt":"2025-08-13T13:47:55","slug":"colunista-do-wall-street-journal-diz-que-stf-deu-golpe-de-estado","status":"publish","type":"post","link":"https:\/\/dgospel.com.br\/portal\/index.php\/2025\/08\/13\/colunista-do-wall-street-journal-diz-que-stf-deu-golpe-de-estado\/","title":{"rendered":"Colunista do Wall Street Journal diz que STF deu \u201cgolpe de Estado\u201d"},"content":{"rendered":"\n<p>A colunista Maria Anastasia O\u2019Grady, do jornal ingl\u00eas The Wall Street Journal, afirmou em texto opinativo publicado no peri\u00f3dico que o Supremo Tribunal Federal (STF) brasileiro deu um \u201cgolpe de Estado\u201d no Brasil. Para a integrante do conselho editorial do jornal, h\u00e1 \u201cju\u00edzes embriagados de poder\u201d e est\u00e1 n\u00edtido que \u201ca pol\u00edtica tomou conta da Corte\u201d.<\/p>\n\n\n\n<p>O\u2019Grady iniciou sua an\u00e1lise afirmando que a \u201cliberdade nas Am\u00e9ricas enfrenta um grau de perigo nunca visto desde a Guerra Fria\u201d. Ela introduziu seus argumentos apontando que ditadores do s\u00e9culo XXI est\u00e3o consolidando seu governo por meio da tomada de controle das institui\u00e7\u00f5es democr\u00e1ticas, e cita como exemplo o caso do presidente de El Salvador, Nayib Bukele, que segundo ela, adotou sua pr\u00f3pria vers\u00e3o do chavismo e assassinou a democracia salvadorenha.<\/p>\n\n\n\n<p>Na sequ\u00eancia, Maria se concentra no t\u00f3pico principal de seu artigo: o Brasil. Para ela, \u201cn\u00e3o \u00e9 tarde para resgatar\u201d o pa\u00eds \u201cde um retorno semelhante \u00e0 ditadura\u201d, que teria come\u00e7ado a ser instaurada gradualmente h\u00e1 seis anos.<\/p>\n\n\n\n<p>\u2013 O problema em Bras\u00edlia come\u00e7ou em 2019, quando o STF alegou ter sido v\u00edtima de cal\u00fanias e amea\u00e7as e invocou uma norma interna que lhe conferia o poder de instaurar \u201cinqu\u00e9ritos\u201d secretos sobre supostos crimes contra seus membros. Primeiro, instaurou o \u201cinqu\u00e9rito das fake news\u201d, assumindo-se como iniciador, investigador e juiz. Isso foi uma viola\u00e7\u00e3o dos direitos constitucionais dos brasileiros, que t\u00eam o direito de ter seus processos criminais julgados em tribunais locais e estaduais, com acusa\u00e7\u00f5es apresentadas por promotores locais e estaduais \u2013 descreveu, no texto intitulado<a href=\"https:\/\/www.wsj.com\/opinion\/a-supreme-court-coup-detat-in-brazil-politics-policy-americas-trial-385246c8?mod=author_content_page_1_pos_1\" target=\"_blank\" rel=\"noreferrer noopener\"><em>&nbsp;Um golpe de Estado da Suprema Corte no Brasil<\/em><\/a>.<\/p>\n\n\n\n<figure class=\"wp-block-image\"><img src=\"https:\/\/static.cdn.pleno.news\/2025\/08\/Screenshot_940.png\" alt=\"\" class=\"wp-image-1549953\"\/><\/figure>\n\n\n\n<p>Ela citou que o ministro Alexandre de Moraes foi escolhido a dedo pelo at\u00e9 ent\u00e3o presidente do tribunal, Dias Toffoli, e desde ent\u00e3o passou a monitorar \u201cas contas de pessoas politicamente incorretas nas redes sociais\u201d, criminalizar suas opini\u00f5es e prend\u00ea-las preventivamente, enquanto o Senado se esquiva do seu dever de \u201cdisciplinar o tribunal\u201d. O\u2019Grady segue citando a anula\u00e7\u00e3o das condena\u00e7\u00f5es do presidente Luiz In\u00e1cio Lula da Silva (PT) e a instaura\u00e7\u00e3o do inqu\u00e9rito das mil\u00edcias digitais.<\/p>\n\n\n\n<p>\u2013 A decis\u00e3o do STF de mar\u00e7o de 2021 de anular a condena\u00e7\u00e3o por corrup\u00e7\u00e3o do ex-presidente Luiz In\u00e1cio Lula da Silva em 2017, que havia sido confirmada duas vezes em segunda inst\u00e2ncia, inflamou ainda mais a direita brasileira. Os deplor\u00e1veis recorreram \u00e0s redes sociais. O tribunal tentou silenci\u00e1-los, mas alguns formadores de opini\u00e3o populares estavam fora do pa\u00eds e fora do alcance dos ju\u00edzes. Assim, em julho de 2021, eles iniciaram um \u201cinqu\u00e9rito da mil\u00edcia digital\u201d, visando empresas de tecnologia e suas plataformas. Isso os for\u00e7ou a censurar conte\u00fado e desmonetizar brasileiros que tinham opini\u00f5es que o tribunal considerou inaceit\u00e1veis. O descumprimento significou que as empresas n\u00e3o podiam mais operar no Brasil \u2013 adicionou.<\/p>\n\n\n\n<p>A colunista tamb\u00e9m discorreu sobre a atua\u00e7\u00e3o de Moraes frente ao Tribunal Superior Eleitoral (TSE), classificando-a como pol\u00edtica e censuradora em prol do at\u00e9 ent\u00e3o candidato Lula \u00e0 Presid\u00eancia. Ela menciona a insatisfa\u00e7\u00e3o dos apoiadores do ex-presidente Jair Bolsonaro (PL) com a vit\u00f3ria do petista nas elei\u00e7\u00f5es de 2022 e as depreda\u00e7\u00f5es ocorridas em 8 de janeiro de 2023 por parte dos manifestantes.<\/p>\n\n\n\n<p>\u2013 O Sr. da Silva tomou posse sem incidentes em 1\u00ba de janeiro de 2023. Mas uma semana depois, um grupo de bolsonaristas marchou em dire\u00e7\u00e3o a pr\u00e9dios federais em Bras\u00edlia. Algumas pessoas entraram, onde houve viol\u00eancia e vandalismo. O tribunal classificou a a\u00e7\u00e3o como uma tentativa de golpe. Mas a maioria dos envolvidos parecia ser formada por marginais de t\u00eanis vagando pelo local sem armas. Nenhum soldado saiu das instala\u00e7\u00f5es militares \u2013 assinalou, refutando que o epis\u00f3dio possa ser encarado como tentativa de golpe.<\/p>\n\n\n\n<p>Maria O\u2019Grady escreveu que, a partir da\u00ed, foram instaurados por Moraes novos inqu\u00e9ritos, pris\u00f5es e puni\u00e7\u00f5es severas, \u201cem um pa\u00eds onde a viol\u00eancia da esquerda \u00e9 recebida com compreens\u00e3o\u201d.<\/p>\n\n\n\n<p>\u2013 O tribunal alegou conspira\u00e7\u00e3o e iniciou investiga\u00e7\u00f5es com o objetivo de desvendar a desinforma\u00e7\u00e3o disseminada por autores intelectuais e instigadores do motim de 8 de janeiro. Bolsonaro e seu c\u00edrculo \u00edntimo ainda enfrentam julgamentos por supostamente planejarem um golpe.<\/p>\n\n\n\n<p>A colunista finalizou defendendo que, n\u00e3o importa o que o leitor pense sobre o ex-presidente Jair Bolsonaro (PL), a pol\u00edtica j\u00e1 tomou conta da Suprema Corte brasileira.<\/p>\n\n\n\n<p>\u2013 A direita no Senado brasileiro est\u00e1 tentando mobilizar os votos necess\u00e1rios para o impeachment do Ministro de Moraes e restaurar a imparcialidade judicial. As elites est\u00e3o come\u00e7ando a reclamar dos ju\u00edzes embriagados de poder. Infelizmente, as tarifas de 50% do presidente Trump sobre as importa\u00e7\u00f5es brasileiras impulsionaram o nacionalismo e o apoio ao Sr. da Silva. Mas a decis\u00e3o do Tesouro dos EUA no m\u00eas passado de impor san\u00e7\u00f5es ao Sr. de Moraes parece ter chamado a aten\u00e7\u00e3o dos outros membros da corte, que sem d\u00favida entendem que pode haver mais por vir se o Brasil n\u00e3o encontrar uma maneira de restaurar o Estado de Direito \u2013 finalizou.<\/p>\n","protected":false},"excerpt":{"rendered":"<p>A colunista Maria Anastasia O\u2019Grady, do jornal ingl\u00eas The Wall Street Journal, afirmou em texto opinativo publicado no peri\u00f3dico que o Supremo Tribunal Federal (STF) brasileiro deu um \u201cgolpe de Estado\u201d no Brasil. Para a integrante do conselho editorial do jornal, h\u00e1 \u201cju\u00edzes embriagados de poder\u201d e est\u00e1 n\u00edtido que \u201ca pol\u00edtica tomou conta da [&hellip;]<\/p>\n","protected":false},"author":2,"featured_media":22201,"comment_status":"open","ping_status":"open","sticky":false,"template":"","format":"standard","meta":[],"categories":[12,10],"tags":[],"_links":{"self":[{"href":"https:\/\/dgospel.com.br\/portal\/index.php\/wp-json\/wp\/v2\/posts\/22200"}],"collection":[{"href":"https:\/\/dgospel.com.br\/portal\/index.php\/wp-json\/wp\/v2\/posts"}],"about":[{"href":"https:\/\/dgospel.com.br\/portal\/index.php\/wp-json\/wp\/v2\/types\/post"}],"author":[{"embeddable":true,"href":"https:\/\/dgospel.com.br\/portal\/index.php\/wp-json\/wp\/v2\/users\/2"}],"replies":[{"embeddable":true,"href":"https:\/\/dgospel.com.br\/portal\/index.php\/wp-json\/wp\/v2\/comments?post=22200"}],"version-history":[{"count":1,"href":"https:\/\/dgospel.com.br\/portal\/index.php\/wp-json\/wp\/v2\/posts\/22200\/revisions"}],"predecessor-version":[{"id":22202,"href":"https:\/\/dgospel.com.br\/portal\/index.php\/wp-json\/wp\/v2\/posts\/22200\/revisions\/22202"}],"wp:featuredmedia":[{"embeddable":true,"href":"https:\/\/dgospel.com.br\/portal\/index.php\/wp-json\/wp\/v2\/media\/22201"}],"wp:attachment":[{"href":"https:\/\/dgospel.com.br\/portal\/index.php\/wp-json\/wp\/v2\/media?parent=22200"}],"wp:term":[{"taxonomy":"category","embeddable":true,"href":"https:\/\/dgospel.com.br\/portal\/index.php\/wp-json\/wp\/v2\/categories?post=22200"},{"taxonomy":"post_tag","embeddable":true,"href":"https:\/\/dgospel.com.br\/portal\/index.php\/wp-json\/wp\/v2\/tags?post=22200"}],"curies":[{"name":"wp","href":"https:\/\/api.w.org\/{rel}","templated":true}]}}