{"id":22203,"date":"2025-08-14T23:32:52","date_gmt":"2025-08-15T02:32:52","guid":{"rendered":"https:\/\/dgospel.com.br\/portal\/?p=22203"},"modified":"2025-08-14T23:32:53","modified_gmt":"2025-08-15T02:32:53","slug":"camara-de-joinville-aprova-uso-da-biblia-como-material-complementar-em-escolas","status":"publish","type":"post","link":"https:\/\/dgospel.com.br\/portal\/index.php\/2025\/08\/14\/camara-de-joinville-aprova-uso-da-biblia-como-material-complementar-em-escolas\/","title":{"rendered":"C\u00e2mara de Joinville aprova uso da B\u00edblia como material complementar em escolas"},"content":{"rendered":"\n<p>Mais uma cidade do Brasil aprovou o uso da&nbsp;<a href=\"https:\/\/guiame.com.br\/gospel\/noticias\/projeto-de-lei-que-preve-distribuicao-de-biblias-em-escolas-e-aprovado-no-ceara.html\"><strong>B\u00edblia em escolas<\/strong><\/a>. Na \u00faltima ter\u00e7a-feira (12), a C\u00e2mara de Vereadores de Joinville, em Santa Catarina, aprovou o Projeto de Lei 147\/2025, que permite a&nbsp;<a href=\"https:\/\/www.guiame.com.br\/gospel\/noticias\/camara-de-divinopolis-aprova-uso-da-biblia-como-material-paradidatico-em-escolas.html\"><strong>B\u00edblia como recurso paradid\u00e1tico<\/strong><\/a>&nbsp;nas escolas p\u00fablicas e particulares da cidade.<\/p>\n\n\n\n<p>A proposta, de autoria de Brandel Junior (PL), estabelece que a B\u00edblia poder\u00e1 ser utilizada para a dissemina\u00e7\u00e3o cultural, hist\u00f3rica, geogr\u00e1fica e arqueol\u00f3gica de seu conte\u00fado.<\/p>\n\n\n\n<p>\u201cAs hist\u00f3rias b\u00edblicas utilizadas poder\u00e3o auxiliar os projetos escolares de ensino correlatos nas \u00e1reas de hist\u00f3ria, literatura, ensino religioso, artes e filosofia, bem como em outras atividades pedag\u00f3gicas complementares pertinentes\u201d, afirma o texto.<\/p>\n\n\n\n<p>A PL esclarece que os alunos n\u00e3o ser\u00e3o obrigados a participar das atividades que utilizem a&nbsp;<a href=\"https:\/\/guiame.com.br\/gospel\/testemunhos\/mulher-e-curada-de-fobia-social-com-ajuda-da-biblia-o-medo-nao-me-domina-mais.html\"><strong>B\u00edblia<\/strong><\/a>, conforme a liberdade religiosa prevista na Constitui\u00e7\u00e3o Federal.<\/p>\n\n\n\n<p>\u201cA B\u00edblia \u00e9 uma compila\u00e7\u00e3o de textos milenares que narram, com detalhes, a hist\u00f3ria do povo hebreu, a forma\u00e7\u00e3o de na\u00e7\u00f5es, guerras, pactos, ensinamentos morais e princ\u00edpios que influenciaram profundamente a cultura ocidental. Muitos de seus livros s\u00e3o historicamente reconhecidos como documentos que refletem costumes, pr\u00e1ticas sociais e estruturas de poder da Antiguidade\u201d, afirmou Brandel.<\/p>\n\n\n\n<p>A vereadora Vanessa da Rosa (PT) prop\u00f4s uma emenda que incluia no projeto de lei o uso de outros livros religiosos, como o Alcor\u00e3o, a Tor\u00e1 e outras vers\u00f5es da B\u00edblia Sagrada, como a da Igreja Ortodoxa, entre outros.<\/p>\n\n\n\n<p>Por\u00e9m, a C\u00e2mara rejeitou a emenda. Para o autor Brandel Junior, a proposta desvirtuaria o PL.<\/p>\n\n\n\n<p>Agora, o projeto segue para a an\u00e1lise do prefeito de Joinville, que poder\u00e1 sancion\u00e1-lo ou vet\u00e1-lo.<\/p>\n\n\n\n<p><strong>Leis aprovadas<\/strong><\/p>\n\n\n\n<p>Projetos de lei semelhantes sobre o uso da B\u00edblia em escolas j\u00e1 foram aprovados em diversas cidades e estados do Brasil.&nbsp;<\/p>\n\n\n\n<p>No dia 7 de agosto, um projeto de lei que prev\u00ea a distribui\u00e7\u00e3o de B\u00edblias em escolas estaduais do Cear\u00e1 foi aprovado.<\/p>\n\n\n\n<p>No mesmo dia, a C\u00e2mara Municipal de Divin\u00f3polis, em Minas Gerais, tamb\u00e9m aprovou o uso da B\u00edblia como material paradid\u00e1tico em escolas p\u00fablicas e privadas da cidade.<\/p>\n\n\n\n<p>Em Manaus (AM), foi sancionada a Lei n\u00ba 1.332\/2009, permitindo a utiliza\u00e7\u00e3o das Escrituras como conte\u00fado complementar em escolas p\u00fablicas e privadas.<\/p>\n\n\n\n<p>Em Rio Branco (AC), o projeto de lei \u201cB\u00edblia nas Escolas\u201d foi aprovado no ano passado, autorizando a disponibiliza\u00e7\u00e3o da B\u00edblia em bibliotecas das escolas. Assim como em Belo Horizonte (MG), atrav\u00e9s da promulga\u00e7\u00e3o da lei 11.862\/2025, em maio deste ano.<\/p>\n\n\n\n<p>Em Porto Alegre (RS), um projeto de lei que prev\u00ea que B\u00edblias sejam disponibilizadas para o uso de alunos e professores nas bibliotecas das escolas municipais est\u00e1 em discuss\u00e3o na C\u00e2mara de Vereadores.<\/p>\n","protected":false},"excerpt":{"rendered":"<p>Mais uma cidade do Brasil aprovou o uso da&nbsp;B\u00edblia em escolas. Na \u00faltima ter\u00e7a-feira (12), a C\u00e2mara de Vereadores de Joinville, em Santa Catarina, aprovou o Projeto de Lei 147\/2025, que permite a&nbsp;B\u00edblia como recurso paradid\u00e1tico&nbsp;nas escolas p\u00fablicas e particulares da cidade. A proposta, de autoria de Brandel Junior (PL), estabelece que a B\u00edblia poder\u00e1 [&hellip;]<\/p>\n","protected":false},"author":2,"featured_media":22204,"comment_status":"open","ping_status":"open","sticky":false,"template":"","format":"standard","meta":[],"categories":[8,12],"tags":[],"_links":{"self":[{"href":"https:\/\/dgospel.com.br\/portal\/index.php\/wp-json\/wp\/v2\/posts\/22203"}],"collection":[{"href":"https:\/\/dgospel.com.br\/portal\/index.php\/wp-json\/wp\/v2\/posts"}],"about":[{"href":"https:\/\/dgospel.com.br\/portal\/index.php\/wp-json\/wp\/v2\/types\/post"}],"author":[{"embeddable":true,"href":"https:\/\/dgospel.com.br\/portal\/index.php\/wp-json\/wp\/v2\/users\/2"}],"replies":[{"embeddable":true,"href":"https:\/\/dgospel.com.br\/portal\/index.php\/wp-json\/wp\/v2\/comments?post=22203"}],"version-history":[{"count":1,"href":"https:\/\/dgospel.com.br\/portal\/index.php\/wp-json\/wp\/v2\/posts\/22203\/revisions"}],"predecessor-version":[{"id":22205,"href":"https:\/\/dgospel.com.br\/portal\/index.php\/wp-json\/wp\/v2\/posts\/22203\/revisions\/22205"}],"wp:featuredmedia":[{"embeddable":true,"href":"https:\/\/dgospel.com.br\/portal\/index.php\/wp-json\/wp\/v2\/media\/22204"}],"wp:attachment":[{"href":"https:\/\/dgospel.com.br\/portal\/index.php\/wp-json\/wp\/v2\/media?parent=22203"}],"wp:term":[{"taxonomy":"category","embeddable":true,"href":"https:\/\/dgospel.com.br\/portal\/index.php\/wp-json\/wp\/v2\/categories?post=22203"},{"taxonomy":"post_tag","embeddable":true,"href":"https:\/\/dgospel.com.br\/portal\/index.php\/wp-json\/wp\/v2\/tags?post=22203"}],"curies":[{"name":"wp","href":"https:\/\/api.w.org\/{rel}","templated":true}]}}