{"id":22206,"date":"2025-08-16T11:12:44","date_gmt":"2025-08-16T14:12:44","guid":{"rendered":"https:\/\/dgospel.com.br\/portal\/?p=22206"},"modified":"2025-08-16T11:12:45","modified_gmt":"2025-08-16T14:12:45","slug":"deputado-gipao-e-senador-eduardo-gomes-entregam-trator-ao-p-a-paraiso-beneficiando-100-familias-agricultoras","status":"publish","type":"post","link":"https:\/\/dgospel.com.br\/portal\/index.php\/2025\/08\/16\/deputado-gipao-e-senador-eduardo-gomes-entregam-trator-ao-p-a-paraiso-beneficiando-100-familias-agricultoras\/","title":{"rendered":"Deputado Gip\u00e3o e senador Eduardo Gomes entregam trator ao P.A. Para\u00edso, beneficiando 100 fam\u00edlias agricultoras"},"content":{"rendered":"\n<p>Na manh\u00e3 da \u00faltima quarta-feira (13), o deputado estadual Gip\u00e3o, em parceria com o senador Eduardo Gomes, realizou a entrega de um trator ao Projeto de Assentamento (P.A.) Para\u00edso, localizado na zona rural de Aragua\u00edna, gerando benef\u00edcios para mais de100 fam\u00edlias.<\/p>\n\n\n\n<p>O parlamentar destacou que essa conquista \u00e9 fruto de um di\u00e1logo aberto e objetivo com os produtores, buscando atender \u00e0s principais necessidades da agricultura familiar.<\/p>\n\n\n\n<p>\u201cFico feliz em intermediar esse di\u00e1logo e ver que o esfor\u00e7o conjunto deu resultado. Esse trator vai contribuir para aumentar a produtividade e facilitar o trabalho das fam\u00edlias que vivem da agricultura\u201d, afirmou Gip\u00e3o.<\/p>\n\n\n\n<p>A entrega oficial aconteceu na sede da Companhia de Desenvolvimento dos Vales do S\u00e3o Francisco e do Parna\u00edba (Codevasf), em Palmas. Na ocasi\u00e3o, o presidente do P.A. Para\u00edso, Francisco Martins, conhecido na regi\u00e3o como Toinho, destacou a import\u00e2ncia da parceria e agradeceu pelo empenho dos parlamentares.<\/p>\n\n\n\n<p>\u201c\u00c9 com muita satisfa\u00e7\u00e3o que estamos aqui juntos. Quero agradecer a Deus por essa b\u00ean\u00e7\u00e3o que estamos recebendo hoje, que vai servir aos homens e mulheres do campo do nosso assentamento P.A. Para\u00edso. Est\u00e3o todos de parab\u00e9ns: a Codevasf, o senador Eduardo Gomes e o nosso deputado estadual Gip\u00e3o, pela uni\u00e3o em prol da nossa comunidade rural\u201d, declarou o l\u00edder.<\/p>\n\n\n\n<p>O P.A. Para\u00edso \u00e9 um dos principais assentamentos de Aragua\u00edna e, com o novo equipamento, ter\u00e1 melhores condi\u00e7\u00f5es para preparo do solo, plantio e colheita.<\/p>\n","protected":false},"excerpt":{"rendered":"<p>Na manh\u00e3 da \u00faltima quarta-feira (13), o deputado estadual Gip\u00e3o, em parceria com o senador Eduardo Gomes, realizou a entrega de um trator ao Projeto de Assentamento (P.A.) Para\u00edso, localizado na zona rural de Aragua\u00edna, gerando benef\u00edcios para mais de100 fam\u00edlias. O parlamentar destacou que essa conquista \u00e9 fruto de um di\u00e1logo aberto e objetivo [&hellip;]<\/p>\n","protected":false},"author":2,"featured_media":22207,"comment_status":"open","ping_status":"open","sticky":false,"template":"","format":"standard","meta":[],"categories":[8],"tags":[],"_links":{"self":[{"href":"https:\/\/dgospel.com.br\/portal\/index.php\/wp-json\/wp\/v2\/posts\/22206"}],"collection":[{"href":"https:\/\/dgospel.com.br\/portal\/index.php\/wp-json\/wp\/v2\/posts"}],"about":[{"href":"https:\/\/dgospel.com.br\/portal\/index.php\/wp-json\/wp\/v2\/types\/post"}],"author":[{"embeddable":true,"href":"https:\/\/dgospel.com.br\/portal\/index.php\/wp-json\/wp\/v2\/users\/2"}],"replies":[{"embeddable":true,"href":"https:\/\/dgospel.com.br\/portal\/index.php\/wp-json\/wp\/v2\/comments?post=22206"}],"version-history":[{"count":1,"href":"https:\/\/dgospel.com.br\/portal\/index.php\/wp-json\/wp\/v2\/posts\/22206\/revisions"}],"predecessor-version":[{"id":22208,"href":"https:\/\/dgospel.com.br\/portal\/index.php\/wp-json\/wp\/v2\/posts\/22206\/revisions\/22208"}],"wp:featuredmedia":[{"embeddable":true,"href":"https:\/\/dgospel.com.br\/portal\/index.php\/wp-json\/wp\/v2\/media\/22207"}],"wp:attachment":[{"href":"https:\/\/dgospel.com.br\/portal\/index.php\/wp-json\/wp\/v2\/media?parent=22206"}],"wp:term":[{"taxonomy":"category","embeddable":true,"href":"https:\/\/dgospel.com.br\/portal\/index.php\/wp-json\/wp\/v2\/categories?post=22206"},{"taxonomy":"post_tag","embeddable":true,"href":"https:\/\/dgospel.com.br\/portal\/index.php\/wp-json\/wp\/v2\/tags?post=22206"}],"curies":[{"name":"wp","href":"https:\/\/api.w.org\/{rel}","templated":true}]}}