{"id":22209,"date":"2025-08-16T18:16:54","date_gmt":"2025-08-16T21:16:54","guid":{"rendered":"https:\/\/dgospel.com.br\/portal\/?p=22209"},"modified":"2025-08-16T18:16:54","modified_gmt":"2025-08-16T21:16:54","slug":"datafolha-maioria-ve-lula-como-culpado-pelo-tarifaco-dos-eua","status":"publish","type":"post","link":"https:\/\/dgospel.com.br\/portal\/index.php\/2025\/08\/16\/datafolha-maioria-ve-lula-como-culpado-pelo-tarifaco-dos-eua\/","title":{"rendered":"Datafolha: Maioria v\u00ea Lula como culpado pelo tarifa\u00e7o dos EUA"},"content":{"rendered":"\n<p>O n\u00famero de brasileiros que consideram o presidente Lula (PT) como principal culpado pelo tarifa\u00e7o imposto pelos Estados Unidos ao Brasil \u00e9 maior do que aqueles que apontam o ex-presidente Jair Bolsonaro (PL) como culpado.<\/p>\n\n\n\n<p>\u00c9 o que mostra pesquisa Datafolha, divulgada neste s\u00e1bado (16), ao ouvir 2.002 pessoas entre os dias 11 e 12 de agosto. De acordo com o levantamento, 35% dos respondentes apontou Lula como principal culpado, enquanto 22% citam Jair Bolsonaro como o maior respons\u00e1vel pelas tarifas.<\/p>\n\n\n\n<p>Outros 17% veem o deputado federal e filho do ex-presidente, Eduardo Bolsonaro, como principal culpado, enquanto 15% responderam que o respons\u00e1vel pelas san\u00e7\u00f5es americanas \u00e9 o ministro do Supremo Tribunal Federal (STF) Alexandre de Moraes. Para 3% dos entrevistados n\u00e3o h\u00e1 nenhum culpado, enquanto 1% atribui a culpa aos quatro (Lula, Bolsonaro, Eduardo e Moraes). 7% n\u00e3o souberam responder \u00e0 pergunta.<\/p>\n\n\n\n<p>No recorte por prefer\u00eancia pol\u00edtica, as propor\u00e7\u00f5es s\u00e3o divergentes. Entre pessoas que se dizem eleitores de Lula, 38% colocam a \u201cculpa\u201d em Jair Bolsonaro e 35% em Eduardo Bolsonaro. Apenas 11% desse segmento veem culpa no atual presidente.<\/p>\n\n\n\n<p>J\u00e1 entre eleitores de Jair Bolsonaro, 58% atribuem a culpa a Lula e 25% a Moraes. Para 5% desse segmento, o culpado \u00e9 Eduardo Bolsonaro e 4% apontam o pr\u00f3prio Jair Bolsonaro como o respons\u00e1vel.<\/p>\n\n\n\n<p>O Datafolha tamb\u00e9m perguntou aos brasileiros se o presidente dos Estados Unidos, Donald Trump, ir\u00e1 promover novas san\u00e7\u00f5es econ\u00f4micas ao Brasil como resposta \u00e0 pris\u00e3o domiciliar de Jair Bolsonaro, decretada no in\u00edcio de agosto.<\/p>\n\n\n\n<p>Para 40% dos respondentes, Trump ir\u00e1 adotar novas medidas que prejudicam a economia brasileira. Outros 28% avaliam que, na verdade, ir\u00e1 haver negocia\u00e7\u00e3o para que essas medidas sejam reduzidas, enquanto 20% creem que as medidas j\u00e1 anunciadas ser\u00e3o mantidas. Outros 12% n\u00e3o souberam responder ao questionamento.<\/p>\n\n\n\n<p>*AE<\/p>\n","protected":false},"excerpt":{"rendered":"<p>O n\u00famero de brasileiros que consideram o presidente Lula (PT) como principal culpado pelo tarifa\u00e7o imposto pelos Estados Unidos ao Brasil \u00e9 maior do que aqueles que apontam o ex-presidente Jair Bolsonaro (PL) como culpado. \u00c9 o que mostra pesquisa Datafolha, divulgada neste s\u00e1bado (16), ao ouvir 2.002 pessoas entre os dias 11 e 12 [&hellip;]<\/p>\n","protected":false},"author":2,"featured_media":22210,"comment_status":"open","ping_status":"open","sticky":false,"template":"","format":"standard","meta":[],"categories":[4],"tags":[13],"_links":{"self":[{"href":"https:\/\/dgospel.com.br\/portal\/index.php\/wp-json\/wp\/v2\/posts\/22209"}],"collection":[{"href":"https:\/\/dgospel.com.br\/portal\/index.php\/wp-json\/wp\/v2\/posts"}],"about":[{"href":"https:\/\/dgospel.com.br\/portal\/index.php\/wp-json\/wp\/v2\/types\/post"}],"author":[{"embeddable":true,"href":"https:\/\/dgospel.com.br\/portal\/index.php\/wp-json\/wp\/v2\/users\/2"}],"replies":[{"embeddable":true,"href":"https:\/\/dgospel.com.br\/portal\/index.php\/wp-json\/wp\/v2\/comments?post=22209"}],"version-history":[{"count":1,"href":"https:\/\/dgospel.com.br\/portal\/index.php\/wp-json\/wp\/v2\/posts\/22209\/revisions"}],"predecessor-version":[{"id":22211,"href":"https:\/\/dgospel.com.br\/portal\/index.php\/wp-json\/wp\/v2\/posts\/22209\/revisions\/22211"}],"wp:featuredmedia":[{"embeddable":true,"href":"https:\/\/dgospel.com.br\/portal\/index.php\/wp-json\/wp\/v2\/media\/22210"}],"wp:attachment":[{"href":"https:\/\/dgospel.com.br\/portal\/index.php\/wp-json\/wp\/v2\/media?parent=22209"}],"wp:term":[{"taxonomy":"category","embeddable":true,"href":"https:\/\/dgospel.com.br\/portal\/index.php\/wp-json\/wp\/v2\/categories?post=22209"},{"taxonomy":"post_tag","embeddable":true,"href":"https:\/\/dgospel.com.br\/portal\/index.php\/wp-json\/wp\/v2\/tags?post=22209"}],"curies":[{"name":"wp","href":"https:\/\/api.w.org\/{rel}","templated":true}]}}