{"id":22217,"date":"2025-08-19T11:56:37","date_gmt":"2025-08-19T14:56:37","guid":{"rendered":"https:\/\/dgospel.com.br\/portal\/?p=22217"},"modified":"2025-08-19T11:56:38","modified_gmt":"2025-08-19T14:56:38","slug":"comerj-repudia-inclusao-de-silas-malafaia-em-inquerito-da-pf","status":"publish","type":"post","link":"https:\/\/dgospel.com.br\/portal\/index.php\/2025\/08\/19\/comerj-repudia-inclusao-de-silas-malafaia-em-inquerito-da-pf\/","title":{"rendered":"Comerj repudia inclus\u00e3o de Silas Malafaia em inqu\u00e9rito da PF"},"content":{"rendered":"\n<p>Nesta ter\u00e7a-feira (19), o Conselho de Ministros Evang\u00e9licos do Estado do Rio de Janeiro (Comerj) emitiu uma nota de rep\u00fadio ap\u00f3s a inclus\u00e3o do nome do pastor Silas Malafaia em um inqu\u00e9rito da Pol\u00edcia Federal (PF). O processo apura suposta obstru\u00e7\u00e3o de justi\u00e7a ligada ao caso da tentativa de golpe de Estado.<\/p>\n\n\n\n<p>No texto, o Comerj destaca que seus integrantes continuam em ora\u00e7\u00e3o por um pa\u00eds livre e justo. A nota aponta persegui\u00e7\u00e3o e ressalta que Malafaia \u00e9 uma das maiores lideran\u00e7as evang\u00e9licas do Brasil.<\/p>\n\n\n\n<p>\u2013 O pastor Silas Malafaia \u00e9 uma das maiores lideran\u00e7as evang\u00e9licas do pa\u00eds, com reconhecimento internacional, sendo uma das principais vozes que representam o povo evang\u00e9lico brasileiro. N\u00e3o podemos aceitar tamanha persegui\u00e7\u00e3o, que ultrapassa o \u00e2mbito pol\u00edtico e atinge tamb\u00e9m a esfera religiosa \u2013 diz trecho da nota.<\/p>\n\n\n\n<p>O Comerj tem como presidente o pastor Claudio Duarte, que est\u00e1 entre os nomes que assinam a nota.<\/p>\n\n\n\n<p><strong>Leia a \u00edntegra do texto:<br><\/strong><em>Nota P\u00fablica de Rep\u00fadio<\/em><\/p>\n\n\n\n<p><em>O Conselho de Ministros do Estado do Rio de Janeiro (COMERJ) repudia, com veem\u00eancia, a inclus\u00e3o impr\u00f3pria e injusta do Pastor Silas Malafaia no inqu\u00e9rito que apura suposta obstru\u00e7\u00e3o de justi\u00e7a, coa\u00e7\u00e3o no curso do processo, aboli\u00e7\u00e3o violenta do Estado Democr\u00e1tico de Direito, organiza\u00e7\u00e3o criminosa, entre outros.<\/em><\/p>\n\n\n\n<p><em>O Pastor Silas Malafaia \u00e9 uma das maiores lideran\u00e7as evang\u00e9licas do pa\u00eds, com reconhecimento internacional, sendo uma das principais vozes que representam o povo evang\u00e9lico brasileiro. N\u00e3o podemos aceitar tamanha persegui\u00e7\u00e3o, que ultrapassa o \u00e2mbito pol\u00edtico e atinge tamb\u00e9m a esfera religiosa.<\/em><\/p>\n\n\n\n<p><em>Apelamos aos ministros do STF, bem como a senadores e deputados, pois o Brasil est\u00e1 caminhando para algo perigoso e inaceit\u00e1vel. A liberdade de express\u00e3o e a liberdade religiosa s\u00e3o inegoci\u00e1veis no Estado Democr\u00e1tico de Direito, como garante a nossa Constitui\u00e7\u00e3o.<\/em><\/p>\n\n\n\n<p><em>Orando por um pa\u00eds livre e justo.<\/em><br><em>Rio de Janeiro, 19 de agosto de 2025<\/em><\/p>\n\n\n\n<p><em>Claudio Soares Duarte<\/em><br><em>Leandro da Silva<\/em><br><em>Gerson Costa Filho<\/em><br><em>Marcus Greg\u00f3rio do Nascimento<\/em><br><em>Tiago Esteves Coelho<\/em><br><em>Paulo Roberto de Oliveira Ramos<\/em><br><em>Alu\u00edsio Moreira da Silva J\u00fanior<\/em><br><em>Oziel Galdino do Nascimento<\/em><br><em>Arnolfo Fernando Cardoso Pinheiro<\/em><br><em>Luiz Eduardo Campino Rodrigues<\/em><br><em>Maurilio Luiz dos Santos Zeferino<\/em><\/p>\n\n\n\n<figure class=\"wp-block-image\"><img src=\"https:\/\/static.cdn.pleno.news\/2025\/08\/Screenshot-4-10-1024x698.png\" alt=\"\" class=\"wp-image-1552936\"\/><\/figure>\n","protected":false},"excerpt":{"rendered":"<p>Nesta ter\u00e7a-feira (19), o Conselho de Ministros Evang\u00e9licos do Estado do Rio de Janeiro (Comerj) emitiu uma nota de rep\u00fadio ap\u00f3s a inclus\u00e3o do nome do pastor Silas Malafaia em um inqu\u00e9rito da Pol\u00edcia Federal (PF). O processo apura suposta obstru\u00e7\u00e3o de justi\u00e7a ligada ao caso da tentativa de golpe de Estado. No texto, o [&hellip;]<\/p>\n","protected":false},"author":2,"featured_media":22218,"comment_status":"open","ping_status":"open","sticky":false,"template":"","format":"standard","meta":[],"categories":[5],"tags":[],"_links":{"self":[{"href":"https:\/\/dgospel.com.br\/portal\/index.php\/wp-json\/wp\/v2\/posts\/22217"}],"collection":[{"href":"https:\/\/dgospel.com.br\/portal\/index.php\/wp-json\/wp\/v2\/posts"}],"about":[{"href":"https:\/\/dgospel.com.br\/portal\/index.php\/wp-json\/wp\/v2\/types\/post"}],"author":[{"embeddable":true,"href":"https:\/\/dgospel.com.br\/portal\/index.php\/wp-json\/wp\/v2\/users\/2"}],"replies":[{"embeddable":true,"href":"https:\/\/dgospel.com.br\/portal\/index.php\/wp-json\/wp\/v2\/comments?post=22217"}],"version-history":[{"count":1,"href":"https:\/\/dgospel.com.br\/portal\/index.php\/wp-json\/wp\/v2\/posts\/22217\/revisions"}],"predecessor-version":[{"id":22219,"href":"https:\/\/dgospel.com.br\/portal\/index.php\/wp-json\/wp\/v2\/posts\/22217\/revisions\/22219"}],"wp:featuredmedia":[{"embeddable":true,"href":"https:\/\/dgospel.com.br\/portal\/index.php\/wp-json\/wp\/v2\/media\/22218"}],"wp:attachment":[{"href":"https:\/\/dgospel.com.br\/portal\/index.php\/wp-json\/wp\/v2\/media?parent=22217"}],"wp:term":[{"taxonomy":"category","embeddable":true,"href":"https:\/\/dgospel.com.br\/portal\/index.php\/wp-json\/wp\/v2\/categories?post=22217"},{"taxonomy":"post_tag","embeddable":true,"href":"https:\/\/dgospel.com.br\/portal\/index.php\/wp-json\/wp\/v2\/tags?post=22217"}],"curies":[{"name":"wp","href":"https:\/\/api.w.org\/{rel}","templated":true}]}}