{"id":22220,"date":"2025-08-19T11:59:03","date_gmt":"2025-08-19T14:59:03","guid":{"rendered":"https:\/\/dgospel.com.br\/portal\/?p=22220"},"modified":"2025-08-19T11:59:05","modified_gmt":"2025-08-19T14:59:05","slug":"conselho-interdenominacional-defende-o-pastor-silas-malafaia","status":"publish","type":"post","link":"https:\/\/dgospel.com.br\/portal\/index.php\/2025\/08\/19\/conselho-interdenominacional-defende-o-pastor-silas-malafaia\/","title":{"rendered":"Conselho interdenominacional defende o pastor Silas Malafaia"},"content":{"rendered":"\n<p>Neste domingo (17), o Conselho Interdenominacional de Ministros Evang\u00e9licos do Brasil (Cimeb) divulgou uma nota p\u00fablica de rep\u00fadio contra a inclus\u00e3o do pastor Silas Malafaia em inqu\u00e9rito da Pol\u00edcia Federal (PF). A entidade classificou a medida como \u201cimpr\u00f3pria e injusta\u201d e alertou para riscos ao Estado Democr\u00e1tico de Direito.<\/p>\n\n\n\n<p>Malafaia, l\u00edder da Assembleia de Deus Vit\u00f3ria em Cristo (Advec), \u00e9 investigado por suposta obstru\u00e7\u00e3o no processo sobre a tentativa de golpe de Estado. O caso, conduzido pelo ministro Alexandre de Moraes, envolve tamb\u00e9m o ex-presidente Jair Bolsonaro (PL), o deputado Eduardo Bolsonaro (PL-SP) e o jornalista Paulo Figueiredo.<\/p>\n\n\n\n<p>Entre os crimes apurados est\u00e3o coa\u00e7\u00e3o no curso do processo, obstru\u00e7\u00e3o de investiga\u00e7\u00e3o de organiza\u00e7\u00e3o criminosa e tentativa de aboli\u00e7\u00e3o violenta do Estado Democr\u00e1tico de Direito. O pastor nega envolvimento e disse que n\u00e3o foi informado oficialmente sobre o inqu\u00e9rito.<\/p>\n\n\n\n<p>\u2013 N\u00e3o podemos aceitar tamanha persegui\u00e7\u00e3o, que ultrapassa o \u00e2mbito pol\u00edtico e atinge tamb\u00e9m a esfera religiosa \u2013 diz a nota assinada pelos l\u00edderes.<\/p>\n\n\n\n<p>O Cimeb ainda refor\u00e7ou que Malafaia \u00e9 uma das maiores lideran\u00e7as evang\u00e9licas do pa\u00eds, com reconhecimento internacional, e destacou que a liberdade de express\u00e3o e a liberdade religiosa s\u00e3o direitos inegoci\u00e1veis. A entidade tamb\u00e9m fez um apelo ao Supremo Tribunal Federal (STF), al\u00e9m de senadores e deputados, para que assegurem o cumprimento da Constitui\u00e7\u00e3o.<\/p>\n\n\n\n<p>\u2013 A liberdade de express\u00e3o e a liberdade religiosa s\u00e3o inegoci\u00e1veis no Estado Democr\u00e1tico de Direito, como garante a nossa Constitui\u00e7\u00e3o.<\/p>\n\n\n\n<p>O documento \u00e9 assinado por C\u00e9sar Augusto, Abner Ferreira, Robson Rodovalho, Ren\u00e9 Terra Nova, Samuel C\u00e2mara, Estevam Hernandes, Agenor Duque, Cl\u00e1udio Duarte, Jorge Linhares, Jabes de Alencar, Ezequiel Teixeira, Abe Huber, Samuel Coelho, Marcos Greg\u00f3rio, Flamarion Rolando, Galdino J\u00fanior, Luiz Herm\u00ednio, Simonton Ara\u00fajo, Paulo Roberto, Estevam Fernandes, Gidalt Alencar, Ant\u00f4nio Ananias, Michael Aboud, Josu\u00e9 Valandro, F\u00e1bio Santos e Wilton Costa.<\/p>\n\n\n\n<p>A nota encerra afirmando que os l\u00edderes est\u00e3o \u201corando por um pa\u00eds livre e justo\u201d.<\/p>\n\n\n\n<figure class=\"wp-block-image\"><img src=\"https:\/\/static.cdn.pleno.news\/2025\/08\/Captura-de-tela-2025-08-18-144511.png\" alt=\"\" class=\"wp-image-1552541\"\/><\/figure>\n","protected":false},"excerpt":{"rendered":"<p>Neste domingo (17), o Conselho Interdenominacional de Ministros Evang\u00e9licos do Brasil (Cimeb) divulgou uma nota p\u00fablica de rep\u00fadio contra a inclus\u00e3o do pastor Silas Malafaia em inqu\u00e9rito da Pol\u00edcia Federal (PF). A entidade classificou a medida como \u201cimpr\u00f3pria e injusta\u201d e alertou para riscos ao Estado Democr\u00e1tico de Direito. Malafaia, l\u00edder da Assembleia de Deus [&hellip;]<\/p>\n","protected":false},"author":2,"featured_media":22221,"comment_status":"open","ping_status":"open","sticky":false,"template":"","format":"standard","meta":[],"categories":[12,5],"tags":[],"_links":{"self":[{"href":"https:\/\/dgospel.com.br\/portal\/index.php\/wp-json\/wp\/v2\/posts\/22220"}],"collection":[{"href":"https:\/\/dgospel.com.br\/portal\/index.php\/wp-json\/wp\/v2\/posts"}],"about":[{"href":"https:\/\/dgospel.com.br\/portal\/index.php\/wp-json\/wp\/v2\/types\/post"}],"author":[{"embeddable":true,"href":"https:\/\/dgospel.com.br\/portal\/index.php\/wp-json\/wp\/v2\/users\/2"}],"replies":[{"embeddable":true,"href":"https:\/\/dgospel.com.br\/portal\/index.php\/wp-json\/wp\/v2\/comments?post=22220"}],"version-history":[{"count":1,"href":"https:\/\/dgospel.com.br\/portal\/index.php\/wp-json\/wp\/v2\/posts\/22220\/revisions"}],"predecessor-version":[{"id":22222,"href":"https:\/\/dgospel.com.br\/portal\/index.php\/wp-json\/wp\/v2\/posts\/22220\/revisions\/22222"}],"wp:featuredmedia":[{"embeddable":true,"href":"https:\/\/dgospel.com.br\/portal\/index.php\/wp-json\/wp\/v2\/media\/22221"}],"wp:attachment":[{"href":"https:\/\/dgospel.com.br\/portal\/index.php\/wp-json\/wp\/v2\/media?parent=22220"}],"wp:term":[{"taxonomy":"category","embeddable":true,"href":"https:\/\/dgospel.com.br\/portal\/index.php\/wp-json\/wp\/v2\/categories?post=22220"},{"taxonomy":"post_tag","embeddable":true,"href":"https:\/\/dgospel.com.br\/portal\/index.php\/wp-json\/wp\/v2\/tags?post=22220"}],"curies":[{"name":"wp","href":"https:\/\/api.w.org\/{rel}","templated":true}]}}